{"id":128092,"date":"2021-09-25T07:37:31","date_gmt":"2021-09-25T11:37:31","guid":{"rendered":"https:\/\/linitiative.ca\/International\/previsions-meteorologiques-pour-le-dimanche-26-septembre-2021\/"},"modified":"2021-09-25T07:37:31","modified_gmt":"2021-09-25T11:37:31","slug":"previsions-meteorologiques-pour-le-dimanche-26-septembre-2021","status":"publish","type":"post","link":"https:\/\/linitiative.ca\/International\/previsions-meteorologiques-pour-le-dimanche-26-septembre-2021\/","title":{"rendered":"Pr\u00e9visions m\u00e9t\u00e9orologiques pour le dimanche 26 septembre 2021"},"content":{"rendered":"<div>\n<div style=\"margin-bottom:20px;\"><img loading=\"lazy\" decoding=\"async\" width=\"750\" height=\"430\" src=\"https:\/\/linitiative.ca\/International\/wp-content\/uploads\/sites\/23\/2021\/09\/soleil-1-2.jpg\" class=\"attachment-post-thumbnail size-post-thumbnail wp-post-image\" alt=\"\" srcset=\"https:\/\/linitiative.ca\/International\/wp-content\/uploads\/sites\/23\/2021\/09\/soleil-1-2.jpg 750w, http:\/\/www.mapmarrakech.ma\/map\/uploads\/2021\/08\/soleil-1-2-300x172.jpg 300w\" sizes=\"auto, (max-width: 750px) 100vw, 750px\"><\/div>\n<p>\u2013 Formations brumeuses et nuages bas par endroits sur les c\u00f4tes nord et centre et le nord de l\u2019Oriental.<\/p>\n<p>\u2013 Temps stable et ciel clair \u00e0 peu nuageux sur le reste du Royaume.<\/p>\n<p>\u2013 Vent faible \u00e0 mod\u00e9r\u00e9 de sud-ouest sur le sud-est et de secteur nord \u00e0 variable ailleurs.<\/p>\n<p>\u2013 Temp\u00e9ratures minimales de l\u2019ordre de 07\/14\u00b0C sur les reliefs, de 23\/28\u00b0C sur l\u2019extr\u00eame sud et de 15\/22\u00b0C ailleurs.<\/p>\n<p>\u2013 Temp\u00e9ratures maximales de l\u2019ordre de 36\/41\u00b0C sur l\u2019int\u00e9rieur des provinces sahariennes, de 33\/37\u00b0C sur le Souss et le Sud-Est, de 28\/35\u00b0C sur les plaines nord et centre, l\u2019oriental et les plateaux des phosphates et de 23\/30\u00b0C sur le reste du pays.<\/p>\n<p>\u2013 Mer belle \u00e0 peu agit\u00e9e en M\u00e9diterran\u00e9e, entre Cap Spartel et Larache, belle sur le D\u00e9troit, peu agit\u00e9e entre Larache et Jorf et peu agit\u00e9e \u00e0 agit\u00e9e au Sud.<\/p>\n<p>The post <a rel=\"nofollow\" href=\"http:\/\/www.mapmarrakech.ma\/fr\/previsions-meteorologiques-pour-le-dimanche-26-septembre-2021\/\">Pr\u00e9visions m\u00e9t\u00e9orologiques pour le dimanche 26 septembre 2021<\/a> appeared first on <a rel=\"nofollow\" href=\"http:\/\/www.mapmarrakech.ma\/fr\">MapMarrakech<\/a>.<\/p>\n<\/div>\n<p>Auteur: Meriem IGASS<br \/>\n<a href=\"http:\/\/www.mapmarrakech.ma\/fr\/previsions-meteorologiques-pour-le-dimanche-26-septembre-2021\/\">Cliquez ici pour lire l&rsquo;article depuis sa source.<\/a><\/p>\n","protected":false},"excerpt":{"rendered":"<p>\u2013 Formations brumeuses et nuages bas par endroits sur les c\u00f4tes nord et centre et le nord de l\u2019Oriental. \u2013 Temps stable et ciel clair \u00e0 peu nuageux sur le reste du Royaume. \u2013 Vent faible \u00e0 mod\u00e9r\u00e9 de sud-ouest sur le sud-est et de secteur nord \u00e0 variable ailleurs. \u2013 Temp\u00e9ratures minimales de l\u2019ordre [&hellip;]<\/p>\n","protected":false},"author":1788,"featured_media":0,"comment_status":"closed","ping_status":"closed","sticky":false,"template":"","format":"standard","meta":{"fifu_image_url":"http:\/\/www.mapmarrakech.ma\/map\/uploads\/2021\/08\/soleil-1-2.jpg","fifu_image_alt":"Pr\u00e9visions m\u00e9t\u00e9orologiques pour le dimanche 26 septembre 2021","footnotes":""},"categories":[54,76],"tags":[],"class_list":["post-128092","post","type-post","status-publish","format-standard","hentry","category-maroc","category-regions"],"_links":{"self":[{"href":"https:\/\/linitiative.ca\/International\/wp-json\/wp\/v2\/posts\/128092","targetHints":{"allow":["GET"]}}],"collection":[{"href":"https:\/\/linitiative.ca\/International\/wp-json\/wp\/v2\/posts"}],"about":[{"href":"https:\/\/linitiative.ca\/International\/wp-json\/wp\/v2\/types\/post"}],"author":[{"embeddable":true,"href":"https:\/\/linitiative.ca\/International\/wp-json\/wp\/v2\/users\/1788"}],"replies":[{"embeddable":true,"href":"https:\/\/linitiative.ca\/International\/wp-json\/wp\/v2\/comments?post=128092"}],"version-history":[{"count":0,"href":"https:\/\/linitiative.ca\/International\/wp-json\/wp\/v2\/posts\/128092\/revisions"}],"wp:attachment":[{"href":"https:\/\/linitiative.ca\/International\/wp-json\/wp\/v2\/media?parent=128092"}],"wp:term":[{"taxonomy":"category","embeddable":true,"href":"https:\/\/linitiative.ca\/International\/wp-json\/wp\/v2\/categories?post=128092"},{"taxonomy":"post_tag","embeddable":true,"href":"https:\/\/linitiative.ca\/International\/wp-json\/wp\/v2\/tags?post=128092"}],"curies":[{"name":"wp","href":"https:\/\/api.w.org\/{rel}","templated":true}]}}