{"id":128094,"date":"2021-09-25T09:24:18","date_gmt":"2021-09-25T13:24:18","guid":{"rendered":"https:\/\/linitiative.ca\/International\/m-mohamed-nakil-elu-president-du-conseil-darrondissement-de-syba\/"},"modified":"2021-09-25T09:24:18","modified_gmt":"2021-09-25T13:24:18","slug":"m-mohamed-nakil-elu-president-du-conseil-darrondissement-de-syba","status":"publish","type":"post","link":"https:\/\/linitiative.ca\/International\/m-mohamed-nakil-elu-president-du-conseil-darrondissement-de-syba\/","title":{"rendered":"M. Mohamed Nakil \u00e9lu pr\u00e9sident du conseil d\u2019Arrondissement de SYBA"},"content":{"rendered":"<div>\n<div style=\"margin-bottom:20px;\"><img loading=\"lazy\" decoding=\"async\" width=\"750\" height=\"430\" src=\"https:\/\/linitiative.ca\/International\/wp-content\/uploads\/sites\/23\/2021\/09\/mohamled-nakil-SYBA-copier.jpg\" class=\"attachment-post-thumbnail size-post-thumbnail wp-post-image\" alt=\"\" srcset=\"https:\/\/linitiative.ca\/International\/wp-content\/uploads\/sites\/23\/2021\/09\/mohamled-nakil-SYBA-copier.jpg 750w, http:\/\/www.mapmarrakech.ma\/map\/uploads\/2021\/09\/mohamled-nakil-SYBA-copier-300x172.jpg 300w\" sizes=\"auto, (max-width: 750px) 100vw, 750px\"><\/div>\n<p>Candidat unique \u00e0 ce poste, M. Nakil a obtenu quelque 33 voix, sur un total de 37 si\u00e8ges que compte cette instance \u00e9lue, dont 13 si\u00e8ges r\u00e9serv\u00e9s aux femmes.<\/p>\n<p>Lors de cette s\u00e9ance de vote qui s\u2019est d\u00e9roul\u00e9e dans le respect strict des mesures pr\u00e9ventives de lutte contre la Covid-19, il a \u00e9t\u00e9 proc\u00e9d\u00e9 \u00e9galement \u00e0 l\u2019\u00e9lection, \u00e0 la majorit\u00e9, de la liste des vice-pr\u00e9sidents du Conseil d\u2019arrondissement de Sidi Youssef Ben Ali, du secr\u00e9taire de cette instance \u00e9lue ainsi que de son adjoint.<\/p>\n<p>Il est \u00e0 noter que le PAM a obtenu, lors des \u00e9lections communales du 08 septembre, 08 si\u00e8ges sur un total de 37 si\u00e8ges que compte ce Conseil, suivi du Rassemblement National des Ind\u00e9pendants (RNI) et de l\u2019Union Constitutionnelle (UC) avec 5 si\u00e8ges chacun.<\/p>\n<p>Quant au Parti de l\u2019Istiqlal (PI), de l\u2019Union Socialiste des Forces Populaires (USFP), du Front des Forces D\u00e9mocratiques (FFD), ils ont d\u00e9croch\u00e9 4 si\u00e8ges chacun au moment o\u00f9, le Mouvement Populaire (MP), le Parti Justice et D\u00e9veloppement (PJD), et le Parti Al Amal ont pu obtenir deux si\u00e8ges chacun.<\/p>\n<p>Le Parti de l\u2019Action, quant \u00e0 lui, a obtenu un seul si\u00e8ge.<\/p>\n<p>The post <a rel=\"nofollow\" href=\"http:\/\/www.mapmarrakech.ma\/fr\/m-mohamed-nakil-elu-president-du-conseil-darrondissement-de-syba\/\">M. Mohamed Nakil \u00e9lu pr\u00e9sident du conseil d\u2019Arrondissement de SYBA<\/a> appeared first on <a rel=\"nofollow\" href=\"http:\/\/www.mapmarrakech.ma\/fr\">MapMarrakech<\/a>.<\/p>\n<\/div>\n<p>Auteur: Meriem IGASS<br \/>\n<a href=\"http:\/\/www.mapmarrakech.ma\/fr\/m-mohamed-nakil-elu-president-du-conseil-darrondissement-de-syba\/\">Cliquez ici pour lire l&rsquo;article depuis sa source.<\/a><\/p>\n","protected":false},"excerpt":{"rendered":"<p>Candidat unique \u00e0 ce poste, M. Nakil a obtenu quelque 33 voix, sur un total de 37 si\u00e8ges que compte cette instance \u00e9lue, dont 13 si\u00e8ges r\u00e9serv\u00e9s aux femmes. Lors de cette s\u00e9ance de vote qui s\u2019est d\u00e9roul\u00e9e dans le respect strict des mesures pr\u00e9ventives de lutte contre la Covid-19, il a \u00e9t\u00e9 proc\u00e9d\u00e9 \u00e9galement [&hellip;]<\/p>\n","protected":false},"author":1788,"featured_media":0,"comment_status":"closed","ping_status":"closed","sticky":false,"template":"","format":"standard","meta":{"fifu_image_url":"http:\/\/www.mapmarrakech.ma\/map\/uploads\/2021\/09\/mohamled-nakil-SYBA-copier.jpg","fifu_image_alt":"M. Mohamed Nakil \u00e9lu pr\u00e9sident du conseil d\u2019Arrondissement de SYBA","footnotes":""},"categories":[54,76],"tags":[],"class_list":["post-128094","post","type-post","status-publish","format-standard","hentry","category-maroc","category-regions"],"_links":{"self":[{"href":"https:\/\/linitiative.ca\/International\/wp-json\/wp\/v2\/posts\/128094","targetHints":{"allow":["GET"]}}],"collection":[{"href":"https:\/\/linitiative.ca\/International\/wp-json\/wp\/v2\/posts"}],"about":[{"href":"https:\/\/linitiative.ca\/International\/wp-json\/wp\/v2\/types\/post"}],"author":[{"embeddable":true,"href":"https:\/\/linitiative.ca\/International\/wp-json\/wp\/v2\/users\/1788"}],"replies":[{"embeddable":true,"href":"https:\/\/linitiative.ca\/International\/wp-json\/wp\/v2\/comments?post=128094"}],"version-history":[{"count":0,"href":"https:\/\/linitiative.ca\/International\/wp-json\/wp\/v2\/posts\/128094\/revisions"}],"wp:attachment":[{"href":"https:\/\/linitiative.ca\/International\/wp-json\/wp\/v2\/media?parent=128094"}],"wp:term":[{"taxonomy":"category","embeddable":true,"href":"https:\/\/linitiative.ca\/International\/wp-json\/wp\/v2\/categories?post=128094"},{"taxonomy":"post_tag","embeddable":true,"href":"https:\/\/linitiative.ca\/International\/wp-json\/wp\/v2\/tags?post=128094"}],"curies":[{"name":"wp","href":"https:\/\/api.w.org\/{rel}","templated":true}]}}