{"id":128098,"date":"2021-09-25T11:52:36","date_gmt":"2021-09-25T15:52:36","guid":{"rendered":"https:\/\/linitiative.ca\/International\/arrondissement-de-marrakech-medina-mohamed-belaroussi-elu-president\/"},"modified":"2021-09-25T11:52:36","modified_gmt":"2021-09-25T15:52:36","slug":"arrondissement-de-marrakech-medina-mohamed-belaroussi-elu-president","status":"publish","type":"post","link":"https:\/\/linitiative.ca\/International\/arrondissement-de-marrakech-medina-mohamed-belaroussi-elu-president\/","title":{"rendered":"Arrondissement de Marrakech-M\u00e9dina: Mohamed Belaroussi \u00e9lu pr\u00e9sident"},"content":{"rendered":"<div>\n<div style=\"margin-bottom:20px;\"><img loading=\"lazy\" decoding=\"async\" width=\"750\" height=\"430\" src=\"https:\/\/linitiative.ca\/International\/wp-content\/uploads\/sites\/23\/2021\/09\/mohamed-belaaroussi-copier.jpg\" class=\"attachment-post-thumbnail size-post-thumbnail wp-post-image\" alt=\"\" srcset=\"https:\/\/linitiative.ca\/International\/wp-content\/uploads\/sites\/23\/2021\/09\/mohamed-belaaroussi-copier.jpg 750w, http:\/\/www.mapmarrakech.ma\/map\/uploads\/2021\/09\/mohamed-belaaroussi-copier-300x172.jpg 300w\" sizes=\"auto, (max-width: 750px) 100vw, 750px\"><\/div>\n<p>Candidat unique \u00e0 ce poste, M. Belaroussi a pu obtenir 37 voix, soit la totalit\u00e9 du nombre de si\u00e8ges que compte cette instance \u00e9lue et ce, lors d\u2019une s\u00e9ance de vote tenue dans le respect strict des mesures barri\u00e8res anti-Covid-19.<\/p>\n<p>Par la m\u00eame occasion, il a \u00e9t\u00e9 proc\u00e9d\u00e9 \u00e0 l\u2019\u00e9lection des 07 vice-pr\u00e9sidents du Conseil, de la secr\u00e9taire de cette instance \u00e9lue, ainsi que de son adjoint.<\/p>\n<p>Dans une allocution de circonstance, M. Belaroussi s\u2019est dit conscient du poids de la responsabilit\u00e9 qui l\u2019attend aux commandes de cette instance \u00e9lue, \u00e9mettant le voeu d\u2019\u00eatre \u00e0 la hauteur des attentes des citoyens et des membres du conseil d\u2019arrondissement de Marrakech- M\u00e9dina.<\/p>\n<p>A rappeler que le PAM avait remport\u00e9 le plus grand nombre de si\u00e8ges au Conseil d\u2019arrondissement Marrakech- M\u00e9dina, avec 11 si\u00e8ges (5 si\u00e8ges au conseil communal, et 6 au conseil des arrondissements) sur un total de 37 si\u00e8ges, devan\u00e7ant ainsi le Rassemblement National des Ind\u00e9pendants (RNI) arriv\u00e9 en seconde position, avec 6 si\u00e8ges.<\/p>\n<p>The post <a rel=\"nofollow\" href=\"http:\/\/www.mapmarrakech.ma\/fr\/m-mohamed-belaroussi-elu-president-du-conseil-darrondissement-de-marrakech-medina\/\">Arrondissement de Marrakech-M\u00e9dina: Mohamed Belaroussi \u00e9lu pr\u00e9sident<\/a> appeared first on <a rel=\"nofollow\" href=\"http:\/\/www.mapmarrakech.ma\/fr\">MapMarrakech<\/a>.<\/p>\n<\/div>\n<p>Auteur: Meriem IGASS<br \/>\n<a href=\"http:\/\/www.mapmarrakech.ma\/fr\/m-mohamed-belaroussi-elu-president-du-conseil-darrondissement-de-marrakech-medina\/\">Cliquez ici pour lire l&rsquo;article depuis sa source.<\/a><\/p>\n","protected":false},"excerpt":{"rendered":"<p>Candidat unique \u00e0 ce poste, M. Belaroussi a pu obtenir 37 voix, soit la totalit\u00e9 du nombre de si\u00e8ges que compte cette instance \u00e9lue et ce, lors d\u2019une s\u00e9ance de vote tenue dans le respect strict des mesures barri\u00e8res anti-Covid-19. Par la m\u00eame occasion, il a \u00e9t\u00e9 proc\u00e9d\u00e9 \u00e0 l\u2019\u00e9lection des 07 vice-pr\u00e9sidents du Conseil, [&hellip;]<\/p>\n","protected":false},"author":1788,"featured_media":0,"comment_status":"closed","ping_status":"closed","sticky":false,"template":"","format":"standard","meta":{"fifu_image_url":"http:\/\/www.mapmarrakech.ma\/map\/uploads\/2021\/09\/mohamed-belaaroussi-copier.jpg","fifu_image_alt":"Arrondissement de Marrakech-M\u00e9dina: Mohamed Belaroussi \u00e9lu pr\u00e9sident","footnotes":""},"categories":[54,76],"tags":[],"class_list":["post-128098","post","type-post","status-publish","format-standard","hentry","category-maroc","category-regions"],"_links":{"self":[{"href":"https:\/\/linitiative.ca\/International\/wp-json\/wp\/v2\/posts\/128098","targetHints":{"allow":["GET"]}}],"collection":[{"href":"https:\/\/linitiative.ca\/International\/wp-json\/wp\/v2\/posts"}],"about":[{"href":"https:\/\/linitiative.ca\/International\/wp-json\/wp\/v2\/types\/post"}],"author":[{"embeddable":true,"href":"https:\/\/linitiative.ca\/International\/wp-json\/wp\/v2\/users\/1788"}],"replies":[{"embeddable":true,"href":"https:\/\/linitiative.ca\/International\/wp-json\/wp\/v2\/comments?post=128098"}],"version-history":[{"count":0,"href":"https:\/\/linitiative.ca\/International\/wp-json\/wp\/v2\/posts\/128098\/revisions"}],"wp:attachment":[{"href":"https:\/\/linitiative.ca\/International\/wp-json\/wp\/v2\/media?parent=128098"}],"wp:term":[{"taxonomy":"category","embeddable":true,"href":"https:\/\/linitiative.ca\/International\/wp-json\/wp\/v2\/categories?post=128098"},{"taxonomy":"post_tag","embeddable":true,"href":"https:\/\/linitiative.ca\/International\/wp-json\/wp\/v2\/tags?post=128098"}],"curies":[{"name":"wp","href":"https:\/\/api.w.org\/{rel}","templated":true}]}}