{"id":128100,"date":"2021-09-24T17:22:05","date_gmt":"2021-09-24T21:22:05","guid":{"rendered":"https:\/\/linitiative.ca\/International\/berkane-un-concours-didees-de-projets-innovants-en-faveur-des-jeunes\/"},"modified":"2021-09-24T17:22:05","modified_gmt":"2021-09-24T21:22:05","slug":"berkane-un-concours-didees-de-projets-innovants-en-faveur-des-jeunes","status":"publish","type":"post","link":"https:\/\/linitiative.ca\/International\/berkane-un-concours-didees-de-projets-innovants-en-faveur-des-jeunes\/","title":{"rendered":"Berkane : Un concours d\u2019id\u00e9es de projets innovants en faveur des jeunes"},"content":{"rendered":"<div>\n<div style=\"margin-bottom:20px;\"><img loading=\"lazy\" decoding=\"async\" width=\"750\" height=\"430\" src=\"https:\/\/linitiative.ca\/International\/wp-content\/uploads\/sites\/23\/2021\/09\/Inauguration-dune-plateforme-des-jeunes-750C397430-MAP.jpg\" class=\"attachment-post-thumbnail size-post-thumbnail wp-post-image\" alt=\"\" srcset=\"https:\/\/linitiative.ca\/International\/wp-content\/uploads\/sites\/23\/2021\/09\/Inauguration-dune-plateforme-des-jeunes-750C397430-MAP.jpg 750w, http:\/\/www.mapoujda.ma\/map\/uploads\/2021\/08\/Inauguration-dune-plateforme-des-jeunes-750\u00d7430-MAP-300x172.jpg 300w\" sizes=\"auto, (max-width: 750px) 100vw, 750px\"><\/div>\n<div>\n<p style=\"text-align: justify;\">Un concours d\u2019id\u00e9es de projets innovants a \u00e9t\u00e9 lanc\u00e9, r\u00e9cemment, au profit des jeunes porteurs de projet au niveau de la province de Berkane.<\/p>\n<p style=\"text-align: justify;\">Selon des donn\u00e9es de la Plateforme des jeunes de Berkane, ce concours cible les jeunes \u00e2g\u00e9s de 18 \u00e0 35 ans, porteurs d\u2019id\u00e9es de projets r\u00e9alisables dans les secteurs \u00e9conomiques porteurs, selon une approche de soutien \u00e0 l\u2019\u00e9conomie sociale et solidaire.<\/p>\n<p style=\"text-align: justify;\">Le concours, lanc\u00e9 dans le cadre de l\u2019Initiative nationale pour le d\u00e9veloppement humain (INDH), pr\u00e9cis\u00e9ment le programme relatif \u00e0 l\u2019am\u00e9lioration du revenu et l\u2019insertion \u00e9conomique des jeunes, est destin\u00e9 \u00e9galement aux coop\u00e9ratives et leurs f\u00e9d\u00e9rations, aux PME, aux groupements d\u2019int\u00e9r\u00eat \u00e9conomique et aux auto-entrepreneurs.<\/p>\n<p style=\"text-align: justify;\">Les candidats retenus b\u00e9n\u00e9ficieront, apr\u00e8s leur s\u00e9lection d\u00e9finitive, d\u2019un appui technique notamment en mati\u00e8re de d\u00e9veloppement des capacit\u00e9s de production, de commercialisation, de qualit\u00e9 et d\u2019homologation, d\u2019\u00e9laboration de l\u2019\u00e9tude de faisabilit\u00e9 et de gestion de l\u2019entreprise.<\/p>\n<p style=\"text-align: justify;\">Les domaines couverts par ce concours englobent les projets innovants \u00e0 fort impact dans les nouvelles technologies et les projets g\u00e9n\u00e9rateurs de revenus issus d\u2019une \u00e9tude des cha\u00eenes de valeur dans les secteurs de l\u2019agriculture, de l\u2019industrie, de l\u2019artisanat, du commerce et des services, du tourisme, de la p\u00eache maritime et des for\u00eats (plantes m\u00e9dicinales et aromatiques).<\/p>\n<p style=\"text-align: justify;\">Les projets g\u00e9n\u00e9rateurs de revenus b\u00e9n\u00e9ficieront d\u2019un financement de l\u2019ordre de 60 pc apport\u00e9 par l\u2019INDH, alors que le porteur du projet devra financer le reste du montant d\u2019investissement.<\/p>\n<p style=\"text-align: justify;\">Les dossiers de candidatures doivent \u00eatre d\u00e9pos\u00e9s directement \u00e0 la Plateforme des jeunes de Berkane jusqu\u2019au 08 octobre prochain, d\u00e9lai de rigueur.<\/p>\n<\/div>\n<p>L\u2019article <a rel=\"nofollow\" href=\"http:\/\/www.mapoujda.ma\/fr\/berkane-un-concours-didees-de-projets-innovants-en-faveur-des-jeunes\/\">Berkane : Un concours d\u2019id\u00e9es de projets innovants en faveur des jeunes<\/a> est apparu en premier sur <a rel=\"nofollow\" href=\"http:\/\/www.mapoujda.ma\/fr\">MapOujda<\/a>.<\/p>\n<\/div>\n<p>Auteur: Soufiane ELAHMAR<br \/>\n<a href=\"http:\/\/www.mapoujda.ma\/fr\/berkane-un-concours-didees-de-projets-innovants-en-faveur-des-jeunes\/\">Cliquez ici pour lire l&rsquo;article depuis sa source.<\/a><\/p>\n","protected":false},"excerpt":{"rendered":"<p>Un concours d\u2019id\u00e9es de projets innovants a \u00e9t\u00e9 lanc\u00e9, r\u00e9cemment, au profit des jeunes porteurs de projet au niveau de la province de Berkane. Selon des donn\u00e9es de la Plateforme des jeunes de Berkane, ce concours cible les jeunes \u00e2g\u00e9s de 18 \u00e0 35 ans, porteurs d\u2019id\u00e9es de projets r\u00e9alisables dans les secteurs \u00e9conomiques porteurs, [&hellip;]<\/p>\n","protected":false},"author":1788,"featured_media":0,"comment_status":"closed","ping_status":"closed","sticky":false,"template":"","format":"standard","meta":{"fifu_image_url":"http:\/\/www.mapoujda.ma\/map\/uploads\/2021\/08\/Inauguration-dune-plateforme-des-jeunes-750\u00d7430-MAP.jpg","fifu_image_alt":"Berkane : Un concours d\u2019id\u00e9es de projets innovants en faveur des jeunes","footnotes":""},"categories":[54,76],"tags":[],"class_list":["post-128100","post","type-post","status-publish","format-standard","hentry","category-maroc","category-regions"],"_links":{"self":[{"href":"https:\/\/linitiative.ca\/International\/wp-json\/wp\/v2\/posts\/128100","targetHints":{"allow":["GET"]}}],"collection":[{"href":"https:\/\/linitiative.ca\/International\/wp-json\/wp\/v2\/posts"}],"about":[{"href":"https:\/\/linitiative.ca\/International\/wp-json\/wp\/v2\/types\/post"}],"author":[{"embeddable":true,"href":"https:\/\/linitiative.ca\/International\/wp-json\/wp\/v2\/users\/1788"}],"replies":[{"embeddable":true,"href":"https:\/\/linitiative.ca\/International\/wp-json\/wp\/v2\/comments?post=128100"}],"version-history":[{"count":0,"href":"https:\/\/linitiative.ca\/International\/wp-json\/wp\/v2\/posts\/128100\/revisions"}],"wp:attachment":[{"href":"https:\/\/linitiative.ca\/International\/wp-json\/wp\/v2\/media?parent=128100"}],"wp:term":[{"taxonomy":"category","embeddable":true,"href":"https:\/\/linitiative.ca\/International\/wp-json\/wp\/v2\/categories?post=128100"},{"taxonomy":"post_tag","embeddable":true,"href":"https:\/\/linitiative.ca\/International\/wp-json\/wp\/v2\/tags?post=128100"}],"curies":[{"name":"wp","href":"https:\/\/api.w.org\/{rel}","templated":true}]}}