{"id":128102,"date":"2021-09-24T17:43:49","date_gmt":"2021-09-24T21:43:49","guid":{"rendered":"https:\/\/linitiative.ca\/International\/seminaire-sur-le-role-des-medias-dans-la-consolidation-de-la-participation-citoyenne-des-jeunes\/"},"modified":"2021-09-24T17:43:49","modified_gmt":"2021-09-24T21:43:49","slug":"seminaire-sur-le-role-des-medias-dans-la-consolidation-de-la-participation-citoyenne-des-jeunes","status":"publish","type":"post","link":"https:\/\/linitiative.ca\/International\/seminaire-sur-le-role-des-medias-dans-la-consolidation-de-la-participation-citoyenne-des-jeunes\/","title":{"rendered":"S\u00e9minaire sur le r\u00f4le des m\u00e9dias dans la consolidation de la participation citoyenne des jeunes"},"content":{"rendered":"<div>\n<div style=\"margin-bottom:20px;\"><img loading=\"lazy\" decoding=\"async\" width=\"750\" height=\"430\" src=\"https:\/\/linitiative.ca\/International\/wp-content\/uploads\/sites\/23\/2021\/09\/Une-participante-C3A0-une-confC3A9rence-scientifique-750C397430-MAP.jpg\" class=\"attachment-post-thumbnail size-post-thumbnail wp-post-image\" alt=\"\" srcset=\"https:\/\/linitiative.ca\/International\/wp-content\/uploads\/sites\/23\/2021\/09\/Une-participante-C3A0-une-confC3A9rence-scientifique-750C397430-MAP.jpg 750w, http:\/\/www.mapoujda.ma\/map\/uploads\/2021\/09\/Une-participante-\u00e0-une-conf\u00e9rence-scientifique-750\u00d7430-MAP-300x172.jpg 300w\" sizes=\"auto, (max-width: 750px) 100vw, 750px\"><\/div>\n<div>\n<p style=\"text-align: justify;\">Un s\u00e9minaire organis\u00e9 vendredi \u00e0 Oujda par l\u2019Association de coop\u00e9ration pour le d\u00e9veloppement et la culture (ACODEC), a mis la lumi\u00e8re sur le r\u00f4le des m\u00e9dias dans la consolidation de la participation citoyenne des jeunes.<\/p>\n<p style=\"text-align: justify;\">Cette rencontre, tenue sous le th\u00e8me \u00abL\u2019utilisation des m\u00e9dias pour la consolidation de la participation citoyenne (civile et politique) des jeunes, la r\u00e9gion de l\u2019Oriental comme mod\u00e8le\u00bb, a soulign\u00e9 l\u2019importance du r\u00f4le que peuvent jouer les m\u00e9dias dans la participation citoyenne des jeunes et leur implication dans la gestion des affaires locales.<\/p>\n<p style=\"text-align: justify;\">Les participants \u00e0 ce s\u00e9minaire, dont des journalistes, des acteurs de la soci\u00e9t\u00e9 civile et des acad\u00e9miciens, ont relev\u00e9 que ce r\u00f4le doit aller au-del\u00e0 de la simple information pour faire des m\u00e9dias un v\u00e9ritable outil de plaidoyer et de promotion de la participation des jeunes, en particulier dans le domaine politique et la gestion locale.<\/p>\n<p style=\"text-align: justify;\">Dans une d\u00e9claration \u00e0 la presse en marge de cette rencontre, le pr\u00e9sident d\u2019ACODEC, El Miloud Rezzouki, a not\u00e9 que les m\u00e9dias jouent un r\u00f4le primordial dans le d\u00e9veloppement de la soci\u00e9t\u00e9 sur tous les aspects, et peuvent, de ce fait, influencer positivement en mati\u00e8re de promotion de la participation citoyenne, notamment en faveur des jeunes.<\/p>\n<p style=\"text-align: justify;\">Les m\u00e9dias sont un v\u00e9ritable levier dans ce domaine et doivent \u0153uvrer pour l\u2019encouragement des jeunes \u00e0 investir les diff\u00e9rents domaines politiques et sociaux, ainsi que pour jeter la lumi\u00e8re sur les probl\u00e9matiques qui entravent une participation pleine et efficace des jeunes dans le domaine public, a-t-il ajout\u00e9.<\/p>\n<p style=\"text-align: justify;\">Par ailleurs, il a indiqu\u00e9 que cette rencontre s\u2019inscrit dans le cadre du projet \u00abAppui \u00e0 la consolidation des dynamiques de participation d\u00e9mocratique au niveau communal, provincial, r\u00e9gional et national pour contribuer \u00e0 la r\u00e9duction des in\u00e9galit\u00e9s socio\u00e9conomique au Maroc\u00bb, men\u00e9 en partenariat avec le Mouvement pour la paix (MPDL) et OXFAM au Maroc et avec l\u2019appui financier de l\u2019Agence espagnole pour la coop\u00e9ration internationale au d\u00e9veloppement (AECID).<\/p>\n<p style=\"text-align: justify;\">Ce projet porte sur de nombreuses activit\u00e9s qui visent la promotion de la participation d\u00e9mocratique au niveau de cinq communes cibles (Oujda, Mestferki, Sidi Boulnouar, Naima et Ahl Angad), notamment en faveur des jeunes et des femmes, a affirm\u00e9 M. Rezzouki, ajoutant que ces activit\u00e9s se poursuivront durant la prochaine p\u00e9riode avec, entre autres, des s\u00e9minaires de formation et la cr\u00e9ation d\u2019espaces de concertation et de m\u00e9diation (ECM) en faveur de la participation citoyenne dans les communes cibles.<\/p>\n<\/div>\n<p>L\u2019article <a rel=\"nofollow\" href=\"http:\/\/www.mapoujda.ma\/fr\/seminaire-sur-le-role-des-medias-dans-la-consolidation-de-la-participation-citoyenne-des-jeunes\/\">S\u00e9minaire sur le r\u00f4le des m\u00e9dias dans la consolidation de la participation citoyenne des jeunes<\/a> est apparu en premier sur <a rel=\"nofollow\" href=\"http:\/\/www.mapoujda.ma\/fr\">MapOujda<\/a>.<\/p>\n<\/div>\n<p>Auteur: Soufiane ELAHMAR<br \/>\n<a href=\"http:\/\/www.mapoujda.ma\/fr\/seminaire-sur-le-role-des-medias-dans-la-consolidation-de-la-participation-citoyenne-des-jeunes\/\">Cliquez ici pour lire l&rsquo;article depuis sa source.<\/a><\/p>\n","protected":false},"excerpt":{"rendered":"<p>Un s\u00e9minaire organis\u00e9 vendredi \u00e0 Oujda par l\u2019Association de coop\u00e9ration pour le d\u00e9veloppement et la culture (ACODEC), a mis la lumi\u00e8re sur le r\u00f4le des m\u00e9dias dans la consolidation de la participation citoyenne des jeunes. Cette rencontre, tenue sous le th\u00e8me \u00abL\u2019utilisation des m\u00e9dias pour la consolidation de la participation citoyenne (civile et politique) des [&hellip;]<\/p>\n","protected":false},"author":1788,"featured_media":0,"comment_status":"closed","ping_status":"closed","sticky":false,"template":"","format":"standard","meta":{"fifu_image_url":"http:\/\/www.mapoujda.ma\/map\/uploads\/2021\/09\/Une-participante-\u00e0-une-conf\u00e9rence-scientifique-750\u00d7430-MAP.jpg","fifu_image_alt":"S\u00e9minaire sur le r\u00f4le des m\u00e9dias dans la consolidation de la participation citoyenne des jeunes","footnotes":""},"categories":[54,76],"tags":[],"class_list":["post-128102","post","type-post","status-publish","format-standard","hentry","category-maroc","category-regions"],"_links":{"self":[{"href":"https:\/\/linitiative.ca\/International\/wp-json\/wp\/v2\/posts\/128102","targetHints":{"allow":["GET"]}}],"collection":[{"href":"https:\/\/linitiative.ca\/International\/wp-json\/wp\/v2\/posts"}],"about":[{"href":"https:\/\/linitiative.ca\/International\/wp-json\/wp\/v2\/types\/post"}],"author":[{"embeddable":true,"href":"https:\/\/linitiative.ca\/International\/wp-json\/wp\/v2\/users\/1788"}],"replies":[{"embeddable":true,"href":"https:\/\/linitiative.ca\/International\/wp-json\/wp\/v2\/comments?post=128102"}],"version-history":[{"count":0,"href":"https:\/\/linitiative.ca\/International\/wp-json\/wp\/v2\/posts\/128102\/revisions"}],"wp:attachment":[{"href":"https:\/\/linitiative.ca\/International\/wp-json\/wp\/v2\/media?parent=128102"}],"wp:term":[{"taxonomy":"category","embeddable":true,"href":"https:\/\/linitiative.ca\/International\/wp-json\/wp\/v2\/categories?post=128102"},{"taxonomy":"post_tag","embeddable":true,"href":"https:\/\/linitiative.ca\/International\/wp-json\/wp\/v2\/tags?post=128102"}],"curies":[{"name":"wp","href":"https:\/\/api.w.org\/{rel}","templated":true}]}}