{"id":128104,"date":"2021-09-25T09:42:55","date_gmt":"2021-09-25T13:42:55","guid":{"rendered":"https:\/\/linitiative.ca\/International\/biographie-de-abdenbi-bioui-president-du-conseil-de-la-region-de-loriental\/"},"modified":"2021-09-25T09:42:55","modified_gmt":"2021-09-25T13:42:55","slug":"biographie-de-abdenbi-bioui-president-du-conseil-de-la-region-de-loriental","status":"publish","type":"post","link":"https:\/\/linitiative.ca\/International\/biographie-de-abdenbi-bioui-president-du-conseil-de-la-region-de-loriental\/","title":{"rendered":"Biographie de Abdenbi Bioui pr\u00e9sident du Conseil de la r\u00e9gion de l\u2019Oriental"},"content":{"rendered":"<div>\n<div style=\"margin-bottom:20px;\"><img loading=\"lazy\" decoding=\"async\" width=\"750\" height=\"430\" src=\"https:\/\/linitiative.ca\/International\/wp-content\/uploads\/sites\/23\/2021\/09\/Abdenbi-Bioui-prC3A9sident-du-Conseil-de-la-rC3A9gion-de-lOriental-750C397430-MAP.jpg\" class=\"attachment-post-thumbnail size-post-thumbnail wp-post-image\" alt=\"\" srcset=\"https:\/\/linitiative.ca\/International\/wp-content\/uploads\/sites\/23\/2021\/09\/Abdenbi-Bioui-prC3A9sident-du-Conseil-de-la-rC3A9gion-de-lOriental-750C397430-MAP.jpg 750w, http:\/\/www.mapoujda.ma\/map\/uploads\/2021\/09\/Abdenbi-Bioui-pr\u00e9sident-du-Conseil-de-la-r\u00e9gion-de-lOriental-750\u00d7430-MAP-300x172.jpg 300w\" sizes=\"auto, (max-width: 750px) 100vw, 750px\"><\/div>\n<div>\n<p style=\"text-align: justify;\">M. Abdenbi Bioui, qui a \u00e9t\u00e9 r\u00e9\u00e9lu pr\u00e9sident du Conseil de la r\u00e9gion de l\u2019Oriental, est n\u00e9 en 1971 \u00e0 Oujda.<\/p>\n<p style=\"text-align: justify;\">M. Bioui est un homme d\u2019affaires, ayant notamment fond\u00e9 une entreprise de travaux publics qui s\u2019est d\u00e9velopp\u00e9e \u00e0 l\u2019\u00e9chelle r\u00e9gionale et nationale. Il s\u2019est forg\u00e9 un nom parmi les grands entrepreneurs dans le secteur du BTP et de l\u2019immobilier.<\/p>\n<p style=\"text-align: justify;\">Attir\u00e9 par le monde de la politique, il s\u2019est engag\u00e9 avec le Parti authenticit\u00e9 et modernit\u00e9 (PAM), sous la banni\u00e8re duquel il se fait \u00e9lire \u00e0 la Chambre des Repr\u00e9sentants en 2011, portant la voix du Maroc oriental dans l\u2019h\u00e9micycle.<\/p>\n<p style=\"text-align: justify;\">Durant son mandat de parlementaire (2011-2015), M. Bioui a notamment \u00e9t\u00e9 membre de la Commission des infrastructures \u00e0 la Chambre des Repr\u00e9sentants et pr\u00e9sident de la Commission parlementaire mixte maroco-japonaise.<\/p>\n<p style=\"text-align: justify;\">En septembre 2015, il devient le premier pr\u00e9sident du Conseil r\u00e9gional de l\u2019Oriental sous la nouvelle configuration des r\u00e9gions du Maroc, entr\u00e9e en vigueur dans le sillage du chantier de la r\u00e9gionalisation avanc\u00e9e.<\/p>\n<p style=\"text-align: justify;\">En 2020, M. Bioui int\u00e8gre le bureau politique du PAM et devient membre de la commission nationale des \u00e9lections au sein de cette formation.<\/p>\n<p style=\"text-align: justify;\">A l\u2019issue des \u00e9lections r\u00e9gionales du 8 septembre 2021, il r\u00e9ussit \u00e0 se faire r\u00e9\u00e9lire, en tant que candidat unique, \u00e0 la pr\u00e9sidence du Conseil r\u00e9gional, tirant parti de la coordination entre le PAM, le Rassemblement national des ind\u00e9pendants (RNI) et le Parti de l\u2019Istiqlal (PI).<\/p>\n<p style=\"text-align: justify;\">Le PAM \u00e9tait arriv\u00e9 en deuxi\u00e8me position lors de ces \u00e9lections au niveau du Conseil r\u00e9gional de l\u2019Oriental avec 16 si\u00e8ges, derri\u00e8re le RNI (17 si\u00e8ges) et devant le PI (12 si\u00e8ges).<\/p>\n<p style=\"text-align: justify;\">La mise en \u0153uvre du Sch\u00e9ma r\u00e9gional d\u2019am\u00e9nagement du territoire (SRAT), adopt\u00e9 r\u00e9cemment, et du Nouveau mod\u00e8le de d\u00e9veloppement, figurent parmi ses principaux challenges pour la p\u00e9riode \u00e0 venir, de m\u00eame que l\u2019accompagnement des grands projets structurants lanc\u00e9s dans la r\u00e9gion, notamment le nouveau port Nador West Med, en vue d\u2019acc\u00e9l\u00e9rer le d\u00e9veloppement r\u00e9gional.<\/p>\n<p style=\"text-align: justify;\">Par ailleurs, M. Bioui a occup\u00e9 ou occupe toujours plusieurs fonctions et responsabilit\u00e9s, dont celles de pr\u00e9sident du conseil d\u2019administration du Fonds d\u2019investissement de la r\u00e9gion de l\u2019Oriental, de pr\u00e9sident honorifique du Forum des r\u00e9gions africaines, de secr\u00e9taire g\u00e9n\u00e9ral de l\u2019Association des r\u00e9gions du Maroc et de membre du bureau de la F\u00e9d\u00e9ration nationale du b\u00e2timent et des travaux publics (FNBTP).<\/p>\n<p style=\"text-align: justify;\">En outre, M. Bioui est un acteur de la soci\u00e9t\u00e9 civile connu pour son m\u00e9c\u00e9nat. Il est notamment le pr\u00e9sident fondateur de la fondation Basma pour les \u0153uvres caritatives, active dans le domaine social \u00e0 Oujda et dans l\u2019Oriental, en plus d\u2019\u00eatre pr\u00e9sident honorifique d\u2019un certain nombre d\u2019associations et organisations.<\/p>\n<\/div>\n<p>L\u2019article <a rel=\"nofollow\" href=\"http:\/\/www.mapoujda.ma\/fr\/biographie-de-abdenbi-bioui-president-du-conseil-de-la-region-de-loriental\/\">Biographie de Abdenbi Bioui pr\u00e9sident du Conseil de la r\u00e9gion de l\u2019Oriental<\/a> est apparu en premier sur <a rel=\"nofollow\" href=\"http:\/\/www.mapoujda.ma\/fr\">MapOujda<\/a>.<\/p>\n<\/div>\n<p>Auteur: Soufiane ELAHMAR<br \/>\n<a href=\"http:\/\/www.mapoujda.ma\/fr\/biographie-de-abdenbi-bioui-president-du-conseil-de-la-region-de-loriental\/\">Cliquez ici pour lire l&rsquo;article depuis sa source.<\/a><\/p>\n","protected":false},"excerpt":{"rendered":"<p>M. Abdenbi Bioui, qui a \u00e9t\u00e9 r\u00e9\u00e9lu pr\u00e9sident du Conseil de la r\u00e9gion de l\u2019Oriental, est n\u00e9 en 1971 \u00e0 Oujda. M. Bioui est un homme d\u2019affaires, ayant notamment fond\u00e9 une entreprise de travaux publics qui s\u2019est d\u00e9velopp\u00e9e \u00e0 l\u2019\u00e9chelle r\u00e9gionale et nationale. Il s\u2019est forg\u00e9 un nom parmi les grands entrepreneurs dans le secteur [&hellip;]<\/p>\n","protected":false},"author":1788,"featured_media":0,"comment_status":"closed","ping_status":"closed","sticky":false,"template":"","format":"standard","meta":{"fifu_image_url":"http:\/\/www.mapoujda.ma\/map\/uploads\/2021\/09\/Abdenbi-Bioui-pr\u00e9sident-du-Conseil-de-la-r\u00e9gion-de-lOriental-750\u00d7430-MAP.jpg","fifu_image_alt":"Biographie de Abdenbi Bioui pr\u00e9sident du Conseil de la r\u00e9gion de l\u2019Oriental","footnotes":""},"categories":[54,76],"tags":[],"class_list":["post-128104","post","type-post","status-publish","format-standard","hentry","category-maroc","category-regions"],"_links":{"self":[{"href":"https:\/\/linitiative.ca\/International\/wp-json\/wp\/v2\/posts\/128104","targetHints":{"allow":["GET"]}}],"collection":[{"href":"https:\/\/linitiative.ca\/International\/wp-json\/wp\/v2\/posts"}],"about":[{"href":"https:\/\/linitiative.ca\/International\/wp-json\/wp\/v2\/types\/post"}],"author":[{"embeddable":true,"href":"https:\/\/linitiative.ca\/International\/wp-json\/wp\/v2\/users\/1788"}],"replies":[{"embeddable":true,"href":"https:\/\/linitiative.ca\/International\/wp-json\/wp\/v2\/comments?post=128104"}],"version-history":[{"count":0,"href":"https:\/\/linitiative.ca\/International\/wp-json\/wp\/v2\/posts\/128104\/revisions"}],"wp:attachment":[{"href":"https:\/\/linitiative.ca\/International\/wp-json\/wp\/v2\/media?parent=128104"}],"wp:term":[{"taxonomy":"category","embeddable":true,"href":"https:\/\/linitiative.ca\/International\/wp-json\/wp\/v2\/categories?post=128104"},{"taxonomy":"post_tag","embeddable":true,"href":"https:\/\/linitiative.ca\/International\/wp-json\/wp\/v2\/tags?post=128104"}],"curies":[{"name":"wp","href":"https:\/\/api.w.org\/{rel}","templated":true}]}}