{"id":128106,"date":"2021-09-25T09:54:33","date_gmt":"2021-09-25T13:54:33","guid":{"rendered":"https:\/\/linitiative.ca\/International\/biographie-de-mohamed-azzaoui-president-du-conseil-communal-doujda\/"},"modified":"2021-09-25T09:54:33","modified_gmt":"2021-09-25T13:54:33","slug":"biographie-de-mohamed-azzaoui-president-du-conseil-communal-doujda","status":"publish","type":"post","link":"https:\/\/linitiative.ca\/International\/biographie-de-mohamed-azzaoui-president-du-conseil-communal-doujda\/","title":{"rendered":"Biographie de Mohamed Azzaoui pr\u00e9sident du Conseil communal d\u2019Oujda"},"content":{"rendered":"<div>\n<div style=\"margin-bottom:20px;\"><img loading=\"lazy\" decoding=\"async\" width=\"750\" height=\"430\" src=\"https:\/\/linitiative.ca\/International\/wp-content\/uploads\/sites\/23\/2021\/09\/Mohamed-Azzaoui-prC3A9sident-du-Conseil-communal-dOujda-750C397430-MAP.jpg\" class=\"attachment-post-thumbnail size-post-thumbnail wp-post-image\" alt=\"\" srcset=\"https:\/\/linitiative.ca\/International\/wp-content\/uploads\/sites\/23\/2021\/09\/Mohamed-Azzaoui-prC3A9sident-du-Conseil-communal-dOujda-750C397430-MAP.jpg 750w, http:\/\/www.mapoujda.ma\/map\/uploads\/2021\/09\/Mohamed-Azzaoui-pr\u00e9sident-du-Conseil-communal-dOujda-750\u00d7430-MAP-300x172.jpg 300w\" sizes=\"auto, (max-width: 750px) 100vw, 750px\"><\/div>\n<div>\n<p style=\"text-align: justify;\">M. Mohamed Azzaoui, \u00e9lu lundi dernier nouveau pr\u00e9sident du Conseil communal d\u2019Oujda, est n\u00e9 en 1959 \u00e0 Ain Sfa (pr\u00e9fecture d\u2019Oujda-Angad).<\/p>\n<p style=\"text-align: justify;\">Haut cadre et ing\u00e9nieur principal \u00e0 l\u2019Office de la formation professionnelle et de la promotion du travail (OFPPT), M. Azzaoui est dipl\u00f4m\u00e9 en ing\u00e9nierie des mines \u00e0 l\u2019Ecole nationale sup\u00e9rieure des mines de Rabat (ex Ecole nationale de l\u2019industrie min\u00e9rale).<\/p>\n<p style=\"text-align: justify;\">Il a occup\u00e9 plusieurs postes au sein de l\u2019OFPPT, dont ceux de directeur des \u00e9tablissements de formation professionnelle de la province de Berkane et de directeur du complexe de formation professionnelle d\u2019Oujda, qui englobe plusieurs instituts.<\/p>\n<p style=\"text-align: justify;\">M. Azzaoui, qui a \u00e9t\u00e9 d\u00e9cor\u00e9 en 2020 du Wissam de m\u00e9rite national de classe exceptionnelle, est depuis 2011 le directeur r\u00e9gional de l\u2019OFPPT pour la r\u00e9gion de l\u2019Oriental.<\/p>\n<p style=\"text-align: justify;\">Dans le domaine politique, le nouveau maire d\u2019Oujda a adh\u00e9r\u00e9 en 1991 au Rassemblement national des ind\u00e9pendants (RNI), et a \u00e9t\u00e9 membre du conseil national de cette formation.<\/p>\n<p style=\"text-align: justify;\">Il a notamment \u00e9t\u00e9 \u00e9lu membre du Conseil communal de Jerada pour la p\u00e9riode 1992-1997.<\/p>\n<p style=\"text-align: justify;\">M. Azzaoui est aussi un acteur associatif et dans le domaine des droits de l\u2019Homme, contribuant \u00e0 la promotion de l\u2019action de la soci\u00e9t\u00e9 civile \u00e0 Oujda.<\/p>\n<\/div>\n<p>L\u2019article <a rel=\"nofollow\" href=\"http:\/\/www.mapoujda.ma\/fr\/biographie-de-mohamed-azzaoui-president-du-conseil-communal-doujda\/\">Biographie de Mohamed Azzaoui pr\u00e9sident du Conseil communal d\u2019Oujda<\/a> est apparu en premier sur <a rel=\"nofollow\" href=\"http:\/\/www.mapoujda.ma\/fr\">MapOujda<\/a>.<\/p>\n<\/div>\n<p>Auteur: Soufiane ELAHMAR<br \/>\n<a href=\"http:\/\/www.mapoujda.ma\/fr\/biographie-de-mohamed-azzaoui-president-du-conseil-communal-doujda\/\">Cliquez ici pour lire l&rsquo;article depuis sa source.<\/a><\/p>\n","protected":false},"excerpt":{"rendered":"<p>M. Mohamed Azzaoui, \u00e9lu lundi dernier nouveau pr\u00e9sident du Conseil communal d\u2019Oujda, est n\u00e9 en 1959 \u00e0 Ain Sfa (pr\u00e9fecture d\u2019Oujda-Angad). Haut cadre et ing\u00e9nieur principal \u00e0 l\u2019Office de la formation professionnelle et de la promotion du travail (OFPPT), M. Azzaoui est dipl\u00f4m\u00e9 en ing\u00e9nierie des mines \u00e0 l\u2019Ecole nationale sup\u00e9rieure des mines de Rabat [&hellip;]<\/p>\n","protected":false},"author":1788,"featured_media":0,"comment_status":"closed","ping_status":"closed","sticky":false,"template":"","format":"standard","meta":{"fifu_image_url":"http:\/\/www.mapoujda.ma\/map\/uploads\/2021\/09\/Mohamed-Azzaoui-pr\u00e9sident-du-Conseil-communal-dOujda-750\u00d7430-MAP.jpg","fifu_image_alt":"Biographie de Mohamed Azzaoui pr\u00e9sident du Conseil communal d\u2019Oujda","footnotes":""},"categories":[54,76],"tags":[],"class_list":["post-128106","post","type-post","status-publish","format-standard","hentry","category-maroc","category-regions"],"_links":{"self":[{"href":"https:\/\/linitiative.ca\/International\/wp-json\/wp\/v2\/posts\/128106","targetHints":{"allow":["GET"]}}],"collection":[{"href":"https:\/\/linitiative.ca\/International\/wp-json\/wp\/v2\/posts"}],"about":[{"href":"https:\/\/linitiative.ca\/International\/wp-json\/wp\/v2\/types\/post"}],"author":[{"embeddable":true,"href":"https:\/\/linitiative.ca\/International\/wp-json\/wp\/v2\/users\/1788"}],"replies":[{"embeddable":true,"href":"https:\/\/linitiative.ca\/International\/wp-json\/wp\/v2\/comments?post=128106"}],"version-history":[{"count":0,"href":"https:\/\/linitiative.ca\/International\/wp-json\/wp\/v2\/posts\/128106\/revisions"}],"wp:attachment":[{"href":"https:\/\/linitiative.ca\/International\/wp-json\/wp\/v2\/media?parent=128106"}],"wp:term":[{"taxonomy":"category","embeddable":true,"href":"https:\/\/linitiative.ca\/International\/wp-json\/wp\/v2\/categories?post=128106"},{"taxonomy":"post_tag","embeddable":true,"href":"https:\/\/linitiative.ca\/International\/wp-json\/wp\/v2\/tags?post=128106"}],"curies":[{"name":"wp","href":"https:\/\/api.w.org\/{rel}","templated":true}]}}