{"id":128108,"date":"2021-09-25T09:24:44","date_gmt":"2021-09-25T13:24:44","guid":{"rendered":"https:\/\/linitiative.ca\/International\/vaccination-12-17-ans-ouverture-exceptionnelle-des-centres-ce-week-end-a-casablanca\/"},"modified":"2021-09-25T09:24:44","modified_gmt":"2021-09-25T13:24:44","slug":"vaccination-12-17-ans-ouverture-exceptionnelle-des-centres-ce-week-end-a-casablanca","status":"publish","type":"post","link":"https:\/\/linitiative.ca\/International\/vaccination-12-17-ans-ouverture-exceptionnelle-des-centres-ce-week-end-a-casablanca\/","title":{"rendered":"Vaccination 12-17 ans: Ouverture exceptionnelle des centres ce week-end \u00e0 Casablanca"},"content":{"rendered":"<div>\n<div class=\"field field-name-body field-type-text-with-summary field-label-hidden\">\n<div class=\"field-items\">\n<div class=\"field-item even\" property=\"content:encoded\">\n<p class=\"rtejustify\">L&rsquo;Acad\u00e9mie r\u00e9gionale de l&rsquo;\u00e9ducation et de la formation de Casablanca-Settat a annonc\u00e9 l&rsquo;ouverture exceptionnellement de centres de vaccination dans la r\u00e9gion, les 25 et 26 septembre, au profit des \u00e9l\u00e8ves dont l&rsquo;\u00e2ge varie entre 12 et 17 ans.<\/p>\n<\/div>\n<\/div>\n<\/div>\n<\/div>\n<p>Auteur: mbasraoui<br \/>\n<a href=\"https:\/\/www.leconomiste.com\/flash-infos\/vaccination-12-17-ans-ouverture-exceptionnellement-de-centres-de-vaccination-ce-we\">Cliquez ici pour lire l&rsquo;article depuis sa source.<\/a><\/p>\n","protected":false},"excerpt":{"rendered":"<p>L&rsquo;Acad\u00e9mie r\u00e9gionale de l&rsquo;\u00e9ducation et de la formation de Casablanca-Settat a annonc\u00e9 l&rsquo;ouverture exceptionnellement de centres de vaccination dans la r\u00e9gion, les 25 et 26 septembre, au profit des \u00e9l\u00e8ves dont l&rsquo;\u00e2ge varie entre 12 et 17 ans. Auteur: mbasraoui Cliquez ici pour lire l&rsquo;article depuis sa source.<\/p>\n","protected":false},"author":1763,"featured_media":0,"comment_status":"closed","ping_status":"closed","sticky":false,"template":"","format":"standard","meta":{"fifu_image_url":"","fifu_image_alt":"","footnotes":""},"categories":[78,54],"tags":[],"class_list":["post-128108","post","type-post","status-publish","format-standard","hentry","category-economie","category-maroc"],"_links":{"self":[{"href":"https:\/\/linitiative.ca\/International\/wp-json\/wp\/v2\/posts\/128108","targetHints":{"allow":["GET"]}}],"collection":[{"href":"https:\/\/linitiative.ca\/International\/wp-json\/wp\/v2\/posts"}],"about":[{"href":"https:\/\/linitiative.ca\/International\/wp-json\/wp\/v2\/types\/post"}],"author":[{"embeddable":true,"href":"https:\/\/linitiative.ca\/International\/wp-json\/wp\/v2\/users\/1763"}],"replies":[{"embeddable":true,"href":"https:\/\/linitiative.ca\/International\/wp-json\/wp\/v2\/comments?post=128108"}],"version-history":[{"count":0,"href":"https:\/\/linitiative.ca\/International\/wp-json\/wp\/v2\/posts\/128108\/revisions"}],"wp:attachment":[{"href":"https:\/\/linitiative.ca\/International\/wp-json\/wp\/v2\/media?parent=128108"}],"wp:term":[{"taxonomy":"category","embeddable":true,"href":"https:\/\/linitiative.ca\/International\/wp-json\/wp\/v2\/categories?post=128108"},{"taxonomy":"post_tag","embeddable":true,"href":"https:\/\/linitiative.ca\/International\/wp-json\/wp\/v2\/tags?post=128108"}],"curies":[{"name":"wp","href":"https:\/\/api.w.org\/{rel}","templated":true}]}}