{"id":128109,"date":"2021-09-25T10:29:14","date_gmt":"2021-09-25T14:29:14","guid":{"rendered":"https:\/\/linitiative.ca\/International\/plus-dun-marocain-sur-2-sinteresse-au-made-in\/"},"modified":"2021-09-25T10:29:14","modified_gmt":"2021-09-25T14:29:14","slug":"plus-dun-marocain-sur-2-sinteresse-au-made-in","status":"publish","type":"post","link":"https:\/\/linitiative.ca\/International\/plus-dun-marocain-sur-2-sinteresse-au-made-in\/","title":{"rendered":"Plus d\u2019un marocain sur 2 s\u2019int\u00e9resse au \u00ab Made in \u00bb"},"content":{"rendered":"<div>\n<div class=\"field field-name-body field-type-text-with-summary field-label-hidden\">\n<div class=\"field-items\">\n<div class=\"field-item even\" property=\"content:encoded\">\n<p>Plus d\u2019un Marocain sur deux de la population interrog\u00e9e d\u00e9clare faire attention au label \u00ab\u00a0Made In\u00a0\u00bb lors de leur achat des produits habituels, tandis que 39% d\u00e9clarent implicitement que cet acte fait partie de leurs habitudes d\u2019achat, r\u00e9v\u00e8le une nouvelle \u00e9tude intitul\u00e9e \u00a0\u00bb Les Marocains et le Made In Morocco: Pr\u00e9f\u00e9rence et Implication\u00a0\u00bb.<\/p>\n<\/div>\n<\/div>\n<\/div>\n<\/div>\n<p>Auteur: mbasraoui<br \/>\n<a href=\"https:\/\/www.leconomiste.com\/flash-infos\/plus-d-un-marocain-sur-2-s-interesse-au-made\">Cliquez ici pour lire l&rsquo;article depuis sa source.<\/a><\/p>\n","protected":false},"excerpt":{"rendered":"<p>Plus d\u2019un Marocain sur deux de la population interrog\u00e9e d\u00e9clare faire attention au label \u00ab\u00a0Made In\u00a0\u00bb lors de leur achat des produits habituels, tandis que 39% d\u00e9clarent implicitement que cet acte fait partie de leurs habitudes d\u2019achat, r\u00e9v\u00e8le une nouvelle \u00e9tude intitul\u00e9e \u00a0\u00bb Les Marocains et le Made In Morocco: Pr\u00e9f\u00e9rence et Implication\u00a0\u00bb. Auteur: mbasraoui [&hellip;]<\/p>\n","protected":false},"author":1763,"featured_media":0,"comment_status":"closed","ping_status":"closed","sticky":false,"template":"","format":"standard","meta":{"fifu_image_url":"","fifu_image_alt":"","footnotes":""},"categories":[78,54],"tags":[],"class_list":["post-128109","post","type-post","status-publish","format-standard","hentry","category-economie","category-maroc"],"_links":{"self":[{"href":"https:\/\/linitiative.ca\/International\/wp-json\/wp\/v2\/posts\/128109","targetHints":{"allow":["GET"]}}],"collection":[{"href":"https:\/\/linitiative.ca\/International\/wp-json\/wp\/v2\/posts"}],"about":[{"href":"https:\/\/linitiative.ca\/International\/wp-json\/wp\/v2\/types\/post"}],"author":[{"embeddable":true,"href":"https:\/\/linitiative.ca\/International\/wp-json\/wp\/v2\/users\/1763"}],"replies":[{"embeddable":true,"href":"https:\/\/linitiative.ca\/International\/wp-json\/wp\/v2\/comments?post=128109"}],"version-history":[{"count":0,"href":"https:\/\/linitiative.ca\/International\/wp-json\/wp\/v2\/posts\/128109\/revisions"}],"wp:attachment":[{"href":"https:\/\/linitiative.ca\/International\/wp-json\/wp\/v2\/media?parent=128109"}],"wp:term":[{"taxonomy":"category","embeddable":true,"href":"https:\/\/linitiative.ca\/International\/wp-json\/wp\/v2\/categories?post=128109"},{"taxonomy":"post_tag","embeddable":true,"href":"https:\/\/linitiative.ca\/International\/wp-json\/wp\/v2\/tags?post=128109"}],"curies":[{"name":"wp","href":"https:\/\/api.w.org\/{rel}","templated":true}]}}