{"id":128114,"date":"2021-09-25T09:05:00","date_gmt":"2021-09-25T13:05:00","guid":{"rendered":"https:\/\/linitiative.ca\/International\/atal-suspendu-face-a-brest\/"},"modified":"2021-09-25T09:05:00","modified_gmt":"2021-09-25T13:05:00","slug":"atal-suspendu-face-a-brest","status":"publish","type":"post","link":"https:\/\/linitiative.ca\/International\/atal-suspendu-face-a-brest\/","title":{"rendered":"Atal suspendu face \u00e0 Brest"},"content":{"rendered":"<div>Cette sanction de la Commission de discipline de la Ligue Fran\u00e7aise de Football prend effet \u00e0 partir de mardi 28 septembre 2021&#8230;<img loading=\"lazy\" decoding=\"async\" src=\"http:\/\/feeds.feedburner.com\/~r\/GalerieFArtciles\/~4\/QsSfEp5sMS0\" height=\"1\" width=\"1\" alt=\"\"><\/div>\n<p>Auteur:<br \/>\n<a href=\"http:\/\/www.lebuteur.com\/article\/detail?titre=atal-suspendu-face-a-brest&#038;id=101165&#038;utm_source=feedburner&#038;utm_medium=feed&#038;utm_campaign=Feed%3A+GalerieFArtciles+%28Les+derniers+articles++-+lebuteur.com%29\">Cliquez ici pour lire l&rsquo;article depuis sa source.<\/a><\/p>\n","protected":false},"excerpt":{"rendered":"<p>Cette sanction de la Commission de discipline de la Ligue Fran\u00e7aise de Football prend effet \u00e0 partir de mardi 28 septembre 2021&#8230; Auteur: Cliquez ici pour lire l&rsquo;article depuis sa source.<\/p>\n","protected":false},"author":1738,"featured_media":0,"comment_status":"closed","ping_status":"closed","sticky":false,"template":"","format":"standard","meta":{"fifu_image_url":"http:\/\/feeds.feedburner.com\/~r\/GalerieFArtciles\/~4\/QsSfEp5sMS0","fifu_image_alt":"Atal suspendu face \u00e0 Brest","footnotes":""},"categories":[53,75],"tags":[],"class_list":["post-128114","post","type-post","status-publish","format-standard","hentry","category-algerie","category-sport"],"_links":{"self":[{"href":"https:\/\/linitiative.ca\/International\/wp-json\/wp\/v2\/posts\/128114","targetHints":{"allow":["GET"]}}],"collection":[{"href":"https:\/\/linitiative.ca\/International\/wp-json\/wp\/v2\/posts"}],"about":[{"href":"https:\/\/linitiative.ca\/International\/wp-json\/wp\/v2\/types\/post"}],"author":[{"embeddable":true,"href":"https:\/\/linitiative.ca\/International\/wp-json\/wp\/v2\/users\/1738"}],"replies":[{"embeddable":true,"href":"https:\/\/linitiative.ca\/International\/wp-json\/wp\/v2\/comments?post=128114"}],"version-history":[{"count":0,"href":"https:\/\/linitiative.ca\/International\/wp-json\/wp\/v2\/posts\/128114\/revisions"}],"wp:attachment":[{"href":"https:\/\/linitiative.ca\/International\/wp-json\/wp\/v2\/media?parent=128114"}],"wp:term":[{"taxonomy":"category","embeddable":true,"href":"https:\/\/linitiative.ca\/International\/wp-json\/wp\/v2\/categories?post=128114"},{"taxonomy":"post_tag","embeddable":true,"href":"https:\/\/linitiative.ca\/International\/wp-json\/wp\/v2\/tags?post=128114"}],"curies":[{"name":"wp","href":"https:\/\/api.w.org\/{rel}","templated":true}]}}