{"id":128128,"date":"2021-09-25T04:00:00","date_gmt":"2021-09-25T08:00:00","guid":{"rendered":"https:\/\/linitiative.ca\/International\/tout-savoir-sur-les-arameens\/"},"modified":"2021-09-25T04:00:00","modified_gmt":"2021-09-25T08:00:00","slug":"tout-savoir-sur-les-arameens","status":"publish","type":"post","link":"https:\/\/linitiative.ca\/International\/tout-savoir-sur-les-arameens\/","title":{"rendered":"Tout savoir  sur Les Aram\u00e9ens"},"content":{"rendered":"<div><img decoding=\"async\" src=\"https:\/\/linitiative.ca\/International\/wp-content\/uploads\/sites\/23\/2021\/09\/1632512843_article.jpg\" alt=\"Les Aram\u00e9ens\" align=\"left\">Par Ammar Mahjoubi &#8211; C\u2019est gr\u00e2ce \u00e0 leur langue et \u00e0 leurs cultes, bien plus que par leur court destin politique, que les Aram\u00e9ens ont laiss\u00e9 leur trace dans l\u2019histoire des civilisations antiques. Comme leurs cong\u00e9n\u00e8res isra\u00e9lites, c\u2019est vers la fin du IIe mill\u00e9naire av. J.-C. que leur r\u00f4le \u00e9tait apparu au Proche-Orient ; il ne dura au maximum que cinq si\u00e8cles et ne fut jamais de tout premier plan. Ils tinrent t\u00eate, cependant, au d\u00e9but de leur expansion, \u00e0 la puissance des Assyriens et cr\u00e9\u00e8rent de grandes difficult\u00e9s aux Isra\u00e9lites.<br \/>\nPour retracer l\u2019histoire de l\u2019antique Aram, trois cat\u00e9gories de documents avaient \u00e9t\u00e9 mises en \u0153uvre : les textes bibliques, &#8230;<\/p>\n<\/div>\n<p>Auteur:<br \/>\n<a href=\"https:\/\/www.leaders.com.tn\/article\/32448-les-arameens\">Cliquez ici pour lire l&rsquo;article depuis sa source.<\/a><\/p>\n","protected":false},"excerpt":{"rendered":"<p>Par Ammar Mahjoubi &#8211; C\u2019est gr\u00e2ce \u00e0 leur langue et \u00e0 leurs cultes, bien plus que par leur court destin politique, que les Aram\u00e9ens ont laiss\u00e9 leur trace dans l\u2019histoire des civilisations antiques. Comme leurs cong\u00e9n\u00e8res isra\u00e9lites, c\u2019est vers la fin du IIe mill\u00e9naire av. J.-C. que leur r\u00f4le \u00e9tait apparu au Proche-Orient ; il [&hellip;]<\/p>\n","protected":false},"author":1772,"featured_media":0,"comment_status":"closed","ping_status":"closed","sticky":false,"template":"","format":"standard","meta":{"fifu_image_url":"http:\/\/www.leaders.com.tn\/uploads\/content\/thumbnails_small\/1632512843_article.jpg","fifu_image_alt":"Tout savoir  sur Les Aram\u00e9ens","footnotes":""},"categories":[73,55],"tags":[],"class_list":["post-128128","post","type-post","status-publish","format-standard","hentry","category-actualite","category-tunisie"],"_links":{"self":[{"href":"https:\/\/linitiative.ca\/International\/wp-json\/wp\/v2\/posts\/128128","targetHints":{"allow":["GET"]}}],"collection":[{"href":"https:\/\/linitiative.ca\/International\/wp-json\/wp\/v2\/posts"}],"about":[{"href":"https:\/\/linitiative.ca\/International\/wp-json\/wp\/v2\/types\/post"}],"author":[{"embeddable":true,"href":"https:\/\/linitiative.ca\/International\/wp-json\/wp\/v2\/users\/1772"}],"replies":[{"embeddable":true,"href":"https:\/\/linitiative.ca\/International\/wp-json\/wp\/v2\/comments?post=128128"}],"version-history":[{"count":0,"href":"https:\/\/linitiative.ca\/International\/wp-json\/wp\/v2\/posts\/128128\/revisions"}],"wp:attachment":[{"href":"https:\/\/linitiative.ca\/International\/wp-json\/wp\/v2\/media?parent=128128"}],"wp:term":[{"taxonomy":"category","embeddable":true,"href":"https:\/\/linitiative.ca\/International\/wp-json\/wp\/v2\/categories?post=128128"},{"taxonomy":"post_tag","embeddable":true,"href":"https:\/\/linitiative.ca\/International\/wp-json\/wp\/v2\/tags?post=128128"}],"curies":[{"name":"wp","href":"https:\/\/api.w.org\/{rel}","templated":true}]}}