{"id":128135,"date":"2021-09-25T06:04:00","date_gmt":"2021-09-25T10:04:00","guid":{"rendered":"https:\/\/linitiative.ca\/International\/ouverture-exceptionnellement-de-centres-de-vaccination-les-25-et-26-septembre-au-profit-des-eleves-de-12-a-17-ans\/"},"modified":"2021-09-25T06:04:00","modified_gmt":"2021-09-25T10:04:00","slug":"ouverture-exceptionnellement-de-centres-de-vaccination-les-25-et-26-septembre-au-profit-des-eleves-de-12-a-17-ans","status":"publish","type":"post","link":"https:\/\/linitiative.ca\/International\/ouverture-exceptionnellement-de-centres-de-vaccination-les-25-et-26-septembre-au-profit-des-eleves-de-12-a-17-ans\/","title":{"rendered":"Ouverture exceptionnellement de centres de vaccination les 25 et 26 septembre au profit des \u00e9l\u00e8ves de 12 \u00e0 17 ans"},"content":{"rendered":"<div><img decoding=\"async\" width=\"750\" height=\"430\" src=\"https:\/\/linitiative.ca\/International\/wp-content\/uploads\/sites\/23\/2021\/09\/enfants-vaccin.jpg\" class=\"attachment-post-thumbnail size-post-thumbnail wp-post-image\" alt=\"\" loading=\"lazy\" srcset=\"https:\/\/linitiative.ca\/International\/wp-content\/uploads\/sites\/23\/2021\/09\/enfants-vaccin.jpg 750w, https:\/\/www.challenge.ma\/wp-content\/uploads\/2021\/09\/enfants-vaccin-300x172.jpg 300w, https:\/\/www.challenge.ma\/wp-content\/uploads\/2021\/09\/enfants-vaccin-360x206.jpg 360w\" sizes=\"auto, (max-width: 750px) 100vw, 750px\" itemprop=\"image\">L\u2019Acad\u00e9mie r\u00e9gionale de l\u2019\u00e9ducation et de la formation de Casablanca-Settat a annonc\u00e9 l\u2019ouverture exceptionnellement de centres de vaccination dans la r\u00e9gion, les 25 et 26 septembre, au profit des \u00e9l\u00e8ves dont l\u2019\u00e2ge varie entre 12 et 17 ans. L\u2019Acad\u00e9mie indique, dans un communiqu\u00e9, adress\u00e9 aux parents et tuteurs des \u00e9l\u00e8ves<\/div>\n<p>Auteur: challenge<br \/>\n<a href=\"https:\/\/www.challenge.ma\/ouverture-exceptionnellement-de-centres-de-vaccination-les-25-et-26-septembre-au-profit-des-eleves-de-12-a-17-ans-221732\/\">Cliquez ici pour lire l&rsquo;article depuis sa source.<\/a><\/p>\n","protected":false},"excerpt":{"rendered":"<p>L\u2019Acad\u00e9mie r\u00e9gionale de l\u2019\u00e9ducation et de la formation de Casablanca-Settat a annonc\u00e9 l\u2019ouverture exceptionnellement de centres de vaccination dans la r\u00e9gion, les 25 et 26 septembre, au profit des \u00e9l\u00e8ves dont l\u2019\u00e2ge varie entre 12 et 17 ans. L\u2019Acad\u00e9mie indique, dans un communiqu\u00e9, adress\u00e9 aux parents et tuteurs des \u00e9l\u00e8ves Auteur: challenge Cliquez ici pour [&hellip;]<\/p>\n","protected":false},"author":1787,"featured_media":0,"comment_status":"closed","ping_status":"closed","sticky":false,"template":"","format":"standard","meta":{"fifu_image_url":"https:\/\/www.challenge.ma\/wp-content\/uploads\/2021\/09\/enfants-vaccin.jpg","fifu_image_alt":"Ouverture exceptionnellement de centres de vaccination les 25 et 26 septembre au profit des \u00e9l\u00e8ves de 12 \u00e0 17 ans","footnotes":""},"categories":[78,54],"tags":[],"class_list":["post-128135","post","type-post","status-publish","format-standard","hentry","category-economie","category-maroc"],"_links":{"self":[{"href":"https:\/\/linitiative.ca\/International\/wp-json\/wp\/v2\/posts\/128135","targetHints":{"allow":["GET"]}}],"collection":[{"href":"https:\/\/linitiative.ca\/International\/wp-json\/wp\/v2\/posts"}],"about":[{"href":"https:\/\/linitiative.ca\/International\/wp-json\/wp\/v2\/types\/post"}],"author":[{"embeddable":true,"href":"https:\/\/linitiative.ca\/International\/wp-json\/wp\/v2\/users\/1787"}],"replies":[{"embeddable":true,"href":"https:\/\/linitiative.ca\/International\/wp-json\/wp\/v2\/comments?post=128135"}],"version-history":[{"count":0,"href":"https:\/\/linitiative.ca\/International\/wp-json\/wp\/v2\/posts\/128135\/revisions"}],"wp:attachment":[{"href":"https:\/\/linitiative.ca\/International\/wp-json\/wp\/v2\/media?parent=128135"}],"wp:term":[{"taxonomy":"category","embeddable":true,"href":"https:\/\/linitiative.ca\/International\/wp-json\/wp\/v2\/categories?post=128135"},{"taxonomy":"post_tag","embeddable":true,"href":"https:\/\/linitiative.ca\/International\/wp-json\/wp\/v2\/tags?post=128135"}],"curies":[{"name":"wp","href":"https:\/\/api.w.org\/{rel}","templated":true}]}}