{"id":128137,"date":"2021-09-25T06:18:58","date_gmt":"2021-09-25T10:18:58","guid":{"rendered":"https:\/\/linitiative.ca\/International\/le-canada-prolonge-la-suspension-des-vols-en-provenance-du-maroc-jusquau-29-octobre-2021\/"},"modified":"2021-09-25T06:18:58","modified_gmt":"2021-09-25T10:18:58","slug":"le-canada-prolonge-la-suspension-des-vols-en-provenance-du-maroc-jusquau-29-octobre-2021","status":"publish","type":"post","link":"https:\/\/linitiative.ca\/International\/le-canada-prolonge-la-suspension-des-vols-en-provenance-du-maroc-jusquau-29-octobre-2021\/","title":{"rendered":"LE CANADA PROLONGE LA SUSPENSION DES VOLS EN PROVENANCE DU MAROC JUSQU\u2019AU 29 OCTOBRE 2021"},"content":{"rendered":"<div><img decoding=\"async\" width=\"800\" height=\"534\" src=\"https:\/\/linitiative.ca\/International\/wp-content\/uploads\/sites\/23\/2021\/09\/canada-vols.jpg\" class=\"attachment-post-thumbnail size-post-thumbnail wp-post-image\" alt=\"\" loading=\"lazy\" srcset=\"https:\/\/linitiative.ca\/International\/wp-content\/uploads\/sites\/23\/2021\/09\/canada-vols.jpg 800w, https:\/\/www.challenge.ma\/wp-content\/uploads\/2021\/09\/canada-vols-300x200.jpg 300w, https:\/\/www.challenge.ma\/wp-content\/uploads\/2021\/09\/canada-vols-768x513.jpg 768w, https:\/\/www.challenge.ma\/wp-content\/uploads\/2021\/09\/canada-vols-360x240.jpg 360w, https:\/\/www.challenge.ma\/wp-content\/uploads\/2021\/09\/canada-vols-750x501.jpg 750w\" sizes=\"auto, (max-width: 800px) 100vw, 800px\" itemprop=\"image\">La suspension des vols commerciaux et priv\u00e9s directs de passagers, qui se rendent au Canada en provenance du Maroc, entr\u00e9e en vigueur depuis le 29 ao\u00fbt dernier, a \u00e9t\u00e9 prolong\u00e9e jusqu\u2019au 29 octobre 2021. Le gouvernement du Canada a mis \u00e0 jour\u00a0l\u2019information \u00e0 cet effet\u00a0sur son site web \u00e0 l\u2019intention<\/div>\n<p>Auteur: challenge<br \/>\n<a href=\"https:\/\/www.challenge.ma\/le-canada-prolonge-la-suspension-des-vols-en-provenance-du-maroc-jusquau-29-octobre-2021-221735\/\">Cliquez ici pour lire l&rsquo;article depuis sa source.<\/a><\/p>\n","protected":false},"excerpt":{"rendered":"<p>La suspension des vols commerciaux et priv\u00e9s directs de passagers, qui se rendent au Canada en provenance du Maroc, entr\u00e9e en vigueur depuis le 29 ao\u00fbt dernier, a \u00e9t\u00e9 prolong\u00e9e jusqu\u2019au 29 octobre 2021. Le gouvernement du Canada a mis \u00e0 jour\u00a0l\u2019information \u00e0 cet effet\u00a0sur son site web \u00e0 l\u2019intention Auteur: challenge Cliquez ici pour [&hellip;]<\/p>\n","protected":false},"author":1787,"featured_media":0,"comment_status":"closed","ping_status":"closed","sticky":false,"template":"","format":"standard","meta":{"fifu_image_url":"https:\/\/www.challenge.ma\/wp-content\/uploads\/2021\/09\/canada-vols.jpg","fifu_image_alt":"LE CANADA PROLONGE LA SUSPENSION DES VOLS EN PROVENANCE DU MAROC JUSQU\u2019AU 29 OCTOBRE 2021","footnotes":""},"categories":[78,54],"tags":[],"class_list":["post-128137","post","type-post","status-publish","format-standard","hentry","category-economie","category-maroc"],"_links":{"self":[{"href":"https:\/\/linitiative.ca\/International\/wp-json\/wp\/v2\/posts\/128137","targetHints":{"allow":["GET"]}}],"collection":[{"href":"https:\/\/linitiative.ca\/International\/wp-json\/wp\/v2\/posts"}],"about":[{"href":"https:\/\/linitiative.ca\/International\/wp-json\/wp\/v2\/types\/post"}],"author":[{"embeddable":true,"href":"https:\/\/linitiative.ca\/International\/wp-json\/wp\/v2\/users\/1787"}],"replies":[{"embeddable":true,"href":"https:\/\/linitiative.ca\/International\/wp-json\/wp\/v2\/comments?post=128137"}],"version-history":[{"count":0,"href":"https:\/\/linitiative.ca\/International\/wp-json\/wp\/v2\/posts\/128137\/revisions"}],"wp:attachment":[{"href":"https:\/\/linitiative.ca\/International\/wp-json\/wp\/v2\/media?parent=128137"}],"wp:term":[{"taxonomy":"category","embeddable":true,"href":"https:\/\/linitiative.ca\/International\/wp-json\/wp\/v2\/categories?post=128137"},{"taxonomy":"post_tag","embeddable":true,"href":"https:\/\/linitiative.ca\/International\/wp-json\/wp\/v2\/tags?post=128137"}],"curies":[{"name":"wp","href":"https:\/\/api.w.org\/{rel}","templated":true}]}}