{"id":128143,"date":"2021-09-25T12:19:32","date_gmt":"2021-09-25T16:19:32","guid":{"rendered":"https:\/\/linitiative.ca\/International\/evolution-du-coronavirus-au-maroc-1444-nouveaux-cas-928-571-au-total-samedi-25-septembre-2021-a-16-heures\/"},"modified":"2021-09-25T12:19:32","modified_gmt":"2021-09-25T16:19:32","slug":"evolution-du-coronavirus-au-maroc-1444-nouveaux-cas-928-571-au-total-samedi-25-septembre-2021-a-16-heures","status":"publish","type":"post","link":"https:\/\/linitiative.ca\/International\/evolution-du-coronavirus-au-maroc-1444-nouveaux-cas-928-571-au-total-samedi-25-septembre-2021-a-16-heures\/","title":{"rendered":"\u00c9volution du coronavirus au Maroc. 1444 nouveaux cas, 928.571 au total, samedi 25 septembre 2021 \u00e0 16 heures"},"content":{"rendered":"<div><img decoding=\"async\" width=\"864\" height=\"486\" src=\"https:\/\/linitiative.ca\/International\/wp-content\/uploads\/sites\/23\/2021\/09\/covids.jpg\" class=\"attachment-post-thumbnail size-post-thumbnail wp-post-image\" alt=\"\" loading=\"lazy\" srcset=\"https:\/\/linitiative.ca\/International\/wp-content\/uploads\/sites\/23\/2021\/09\/covids.jpg 864w, https:\/\/www.challenge.ma\/wp-content\/uploads\/2021\/09\/covids-300x169.jpg 300w, https:\/\/www.challenge.ma\/wp-content\/uploads\/2021\/09\/covids-768x432.jpg 768w, https:\/\/www.challenge.ma\/wp-content\/uploads\/2021\/09\/covids-360x203.jpg 360w, https:\/\/www.challenge.ma\/wp-content\/uploads\/2021\/09\/covids-750x422.jpg 750w\" sizes=\"auto, (max-width: 864px) 100vw, 864px\" itemprop=\"image\">1444 nouveaux cas d\u2019infection au coronavirus ont \u00e9t\u00e9 confirm\u00e9s au Maroc durant les derni\u00e8res 24h, portant le nombre total de cas de contamination \u00e0 928.571, a annonc\u00e9 le minist\u00e8re de la Sant\u00e9.\u00a0Le nombre de personnes d\u00e9clar\u00e9es gu\u00e9ries\u00a0s\u2019est \u00e9lev\u00e9 \u00e0 897.252 avec\u00a01818 r\u00e9missions suppl\u00e9mentaires, alors que le nombre de d\u00e9c\u00e8s a<\/div>\n<p>Auteur: challenge<br \/>\n<a href=\"https:\/\/www.challenge.ma\/evolution-du-coronavirus-au-maroc-1444-nouveaux-cas-928-571-au-total-samedi-25-septembre-2021-a-16-heures-221751\/\">Cliquez ici pour lire l&rsquo;article depuis sa source.<\/a><\/p>\n","protected":false},"excerpt":{"rendered":"<p>1444 nouveaux cas d\u2019infection au coronavirus ont \u00e9t\u00e9 confirm\u00e9s au Maroc durant les derni\u00e8res 24h, portant le nombre total de cas de contamination \u00e0 928.571, a annonc\u00e9 le minist\u00e8re de la Sant\u00e9.\u00a0Le nombre de personnes d\u00e9clar\u00e9es gu\u00e9ries\u00a0s\u2019est \u00e9lev\u00e9 \u00e0 897.252 avec\u00a01818 r\u00e9missions suppl\u00e9mentaires, alors que le nombre de d\u00e9c\u00e8s a Auteur: challenge Cliquez ici pour [&hellip;]<\/p>\n","protected":false},"author":1787,"featured_media":0,"comment_status":"closed","ping_status":"closed","sticky":false,"template":"","format":"standard","meta":{"fifu_image_url":"https:\/\/www.challenge.ma\/wp-content\/uploads\/2021\/09\/covids.jpg","fifu_image_alt":"\u00c9volution du coronavirus au Maroc. 1444 nouveaux cas, 928.571 au total, samedi 25 septembre 2021 \u00e0 16 heures","footnotes":""},"categories":[78,54],"tags":[],"class_list":["post-128143","post","type-post","status-publish","format-standard","hentry","category-economie","category-maroc"],"_links":{"self":[{"href":"https:\/\/linitiative.ca\/International\/wp-json\/wp\/v2\/posts\/128143","targetHints":{"allow":["GET"]}}],"collection":[{"href":"https:\/\/linitiative.ca\/International\/wp-json\/wp\/v2\/posts"}],"about":[{"href":"https:\/\/linitiative.ca\/International\/wp-json\/wp\/v2\/types\/post"}],"author":[{"embeddable":true,"href":"https:\/\/linitiative.ca\/International\/wp-json\/wp\/v2\/users\/1787"}],"replies":[{"embeddable":true,"href":"https:\/\/linitiative.ca\/International\/wp-json\/wp\/v2\/comments?post=128143"}],"version-history":[{"count":0,"href":"https:\/\/linitiative.ca\/International\/wp-json\/wp\/v2\/posts\/128143\/revisions"}],"wp:attachment":[{"href":"https:\/\/linitiative.ca\/International\/wp-json\/wp\/v2\/media?parent=128143"}],"wp:term":[{"taxonomy":"category","embeddable":true,"href":"https:\/\/linitiative.ca\/International\/wp-json\/wp\/v2\/categories?post=128143"},{"taxonomy":"post_tag","embeddable":true,"href":"https:\/\/linitiative.ca\/International\/wp-json\/wp\/v2\/tags?post=128143"}],"curies":[{"name":"wp","href":"https:\/\/api.w.org\/{rel}","templated":true}]}}