{"id":128145,"date":"2021-09-25T15:14:52","date_gmt":"2021-09-25T19:14:52","guid":{"rendered":"https:\/\/linitiative.ca\/International\/photo-du-jour-2-millions-de-dinars-depenses-pour-la-rehabilitation-de-la-medina-de-tunis-partent-en-fumee\/"},"modified":"2021-09-25T15:14:52","modified_gmt":"2021-09-25T19:14:52","slug":"photo-du-jour-2-millions-de-dinars-depenses-pour-la-rehabilitation-de-la-medina-de-tunis-partent-en-fumee","status":"publish","type":"post","link":"https:\/\/linitiative.ca\/International\/photo-du-jour-2-millions-de-dinars-depenses-pour-la-rehabilitation-de-la-medina-de-tunis-partent-en-fumee\/","title":{"rendered":"Photo du jour : 2 millions de dinars d\u00e9pens\u00e9s pour la r\u00e9habilitation de la M\u00e9dina de Tunis, partent en fum\u00e9e"},"content":{"rendered":"<div>\n<p>La photo du jour nous parvient aujourd\u2019hui samedi 25 septembre 2021 de la rue des Andalous qui est sans doute l\u2019une des plus belles de la m\u00e9dina. Elle doit son nom au fait d\u2019avoir servi d\u2019asile \u00e0 un nombre important de r\u00e9fugi\u00e9s andalous ais\u00e9s ayant fui l\u2019inquisition et les massacres en Espagne au XVII e [\u2026]<\/p>\n<p>L\u2019article <a href=\"https:\/\/www.tunisienumerique.com\/photo-du-jour-2-millions-de-dinars-depenses-pour-la-rehabilitation-de-la-medina-de-tunis-partent-en-fumee\/\">Photo du jour : 2 millions de dinars d\u00e9pens\u00e9s pour la r\u00e9habilitation de la M\u00e9dina de Tunis, partent en fum\u00e9e<\/a> est apparu en premier sur <a href=\"https:\/\/www.tunisienumerique.com\/\">Tunisie<\/a>.<\/p>\n<\/div>\n<p>Auteur: Mohamed Ben Abderrazek<br \/>\n<a href=\"https:\/\/www.tunisienumerique.com\/photo-du-jour-2-millions-de-dinars-depenses-pour-la-rehabilitation-de-la-medina-de-tunis-partent-en-fumee\/\">Cliquez ici pour lire l&rsquo;article depuis sa source.<\/a><\/p>\n","protected":false},"excerpt":{"rendered":"<p>La photo du jour nous parvient aujourd\u2019hui samedi 25 septembre 2021 de la rue des Andalous qui est sans doute l\u2019une des plus belles de la m\u00e9dina. Elle doit son nom au fait d\u2019avoir servi d\u2019asile \u00e0 un nombre important de r\u00e9fugi\u00e9s andalous ais\u00e9s ayant fui l\u2019inquisition et les massacres en Espagne au XVII e [&hellip;]<\/p>\n","protected":false},"author":1789,"featured_media":0,"comment_status":"closed","ping_status":"closed","sticky":false,"template":"","format":"standard","meta":{"fifu_image_url":"","fifu_image_alt":"","footnotes":""},"categories":[73,55],"tags":[],"class_list":["post-128145","post","type-post","status-publish","format-standard","hentry","category-actualite","category-tunisie"],"_links":{"self":[{"href":"https:\/\/linitiative.ca\/International\/wp-json\/wp\/v2\/posts\/128145","targetHints":{"allow":["GET"]}}],"collection":[{"href":"https:\/\/linitiative.ca\/International\/wp-json\/wp\/v2\/posts"}],"about":[{"href":"https:\/\/linitiative.ca\/International\/wp-json\/wp\/v2\/types\/post"}],"author":[{"embeddable":true,"href":"https:\/\/linitiative.ca\/International\/wp-json\/wp\/v2\/users\/1789"}],"replies":[{"embeddable":true,"href":"https:\/\/linitiative.ca\/International\/wp-json\/wp\/v2\/comments?post=128145"}],"version-history":[{"count":0,"href":"https:\/\/linitiative.ca\/International\/wp-json\/wp\/v2\/posts\/128145\/revisions"}],"wp:attachment":[{"href":"https:\/\/linitiative.ca\/International\/wp-json\/wp\/v2\/media?parent=128145"}],"wp:term":[{"taxonomy":"category","embeddable":true,"href":"https:\/\/linitiative.ca\/International\/wp-json\/wp\/v2\/categories?post=128145"},{"taxonomy":"post_tag","embeddable":true,"href":"https:\/\/linitiative.ca\/International\/wp-json\/wp\/v2\/tags?post=128145"}],"curies":[{"name":"wp","href":"https:\/\/api.w.org\/{rel}","templated":true}]}}