{"id":128147,"date":"2021-09-25T15:50:43","date_gmt":"2021-09-25T19:50:43","guid":{"rendered":"https:\/\/linitiative.ca\/International\/tunisie-kairouan-chute-dune-partie-du-toit-dune-salle-de-classe-a-nasrallah\/"},"modified":"2021-09-25T15:50:43","modified_gmt":"2021-09-25T19:50:43","slug":"tunisie-kairouan-chute-dune-partie-du-toit-dune-salle-de-classe-a-nasrallah","status":"publish","type":"post","link":"https:\/\/linitiative.ca\/International\/tunisie-kairouan-chute-dune-partie-du-toit-dune-salle-de-classe-a-nasrallah\/","title":{"rendered":"Tunisie \u2013\u00a0 Kairouan\u00a0: Chute d\u2019une partie du toit d\u2019une salle de classe \u00e0 Nasrallah"},"content":{"rendered":"<div>\n<p>Une partie du toit d\u2019une salle de classe, de l\u2019\u00e9cole primaire de Nasrallah, dans la r\u00e9gion de Kairouan, est tomb\u00e9e, ce samedi, sous l\u2019effet du d\u00e9labrement et \u00e0 cause du d\u00e9faut de maintenance et d\u2019entretien des locaux. La direction de l\u2019\u00e9tablissement a ferm\u00e9 quatre salles de cours qui pr\u00e9sentent des risques pour les \u00e9l\u00e8ves.<\/p>\n<p>L\u2019article <a href=\"https:\/\/www.tunisienumerique.com\/tunisie-kairouan-chute-dune-partie-du-toit-dune-salle-de-classe-a-nasrallah\/\">Tunisie \u2013\u00a0 Kairouan\u00a0: Chute d\u2019une partie du toit d\u2019une salle de classe \u00e0 Nasrallah<\/a> est apparu en premier sur <a href=\"https:\/\/www.tunisienumerique.com\/\">Tunisie<\/a>.<\/p>\n<\/div>\n<p>Auteur: LM<br \/>\n<a href=\"https:\/\/www.tunisienumerique.com\/tunisie-kairouan-chute-dune-partie-du-toit-dune-salle-de-classe-a-nasrallah\/\">Cliquez ici pour lire l&rsquo;article depuis sa source.<\/a><\/p>\n","protected":false},"excerpt":{"rendered":"<p>Une partie du toit d\u2019une salle de classe, de l\u2019\u00e9cole primaire de Nasrallah, dans la r\u00e9gion de Kairouan, est tomb\u00e9e, ce samedi, sous l\u2019effet du d\u00e9labrement et \u00e0 cause du d\u00e9faut de maintenance et d\u2019entretien des locaux. La direction de l\u2019\u00e9tablissement a ferm\u00e9 quatre salles de cours qui pr\u00e9sentent des risques pour les \u00e9l\u00e8ves. L\u2019article [&hellip;]<\/p>\n","protected":false},"author":1789,"featured_media":0,"comment_status":"closed","ping_status":"closed","sticky":false,"template":"","format":"standard","meta":{"fifu_image_url":"","fifu_image_alt":"","footnotes":""},"categories":[73,55],"tags":[],"class_list":["post-128147","post","type-post","status-publish","format-standard","hentry","category-actualite","category-tunisie"],"_links":{"self":[{"href":"https:\/\/linitiative.ca\/International\/wp-json\/wp\/v2\/posts\/128147","targetHints":{"allow":["GET"]}}],"collection":[{"href":"https:\/\/linitiative.ca\/International\/wp-json\/wp\/v2\/posts"}],"about":[{"href":"https:\/\/linitiative.ca\/International\/wp-json\/wp\/v2\/types\/post"}],"author":[{"embeddable":true,"href":"https:\/\/linitiative.ca\/International\/wp-json\/wp\/v2\/users\/1789"}],"replies":[{"embeddable":true,"href":"https:\/\/linitiative.ca\/International\/wp-json\/wp\/v2\/comments?post=128147"}],"version-history":[{"count":0,"href":"https:\/\/linitiative.ca\/International\/wp-json\/wp\/v2\/posts\/128147\/revisions"}],"wp:attachment":[{"href":"https:\/\/linitiative.ca\/International\/wp-json\/wp\/v2\/media?parent=128147"}],"wp:term":[{"taxonomy":"category","embeddable":true,"href":"https:\/\/linitiative.ca\/International\/wp-json\/wp\/v2\/categories?post=128147"},{"taxonomy":"post_tag","embeddable":true,"href":"https:\/\/linitiative.ca\/International\/wp-json\/wp\/v2\/tags?post=128147"}],"curies":[{"name":"wp","href":"https:\/\/api.w.org\/{rel}","templated":true}]}}