{"id":128149,"date":"2021-09-25T16:45:32","date_gmt":"2021-09-25T20:45:32","guid":{"rendered":"https:\/\/linitiative.ca\/International\/tunisie-de-quoi-ont-peur-tous-ces-nahdhaouis-qui-sempressent-de-demissionner-avant-la-manifestation-de-demain\/"},"modified":"2021-09-25T16:45:32","modified_gmt":"2021-09-25T20:45:32","slug":"tunisie-de-quoi-ont-peur-tous-ces-nahdhaouis-qui-sempressent-de-demissionner-avant-la-manifestation-de-demain","status":"publish","type":"post","link":"https:\/\/linitiative.ca\/International\/tunisie-de-quoi-ont-peur-tous-ces-nahdhaouis-qui-sempressent-de-demissionner-avant-la-manifestation-de-demain\/","title":{"rendered":"Tunisie \u2013\u00a0 De quoi ont peur tous ces nahdhaouis qui s\u2019empressent de d\u00e9missionner avant la manifestation de demain\u00a0?"},"content":{"rendered":"<div>\n<p>Les d\u00e9missions se suivent et se comptent, d\u00e9sormais par dizaines, pour la seule journ\u00e9e de ce samedi. Pourquoi, tous ces nahdhaouis se sont-ils r\u00e9veill\u00e9s, comme \u00e7\u00e0, d\u2019un coup, le m\u00eame jour, alors que ce qui les auraient pouss\u00e9s \u00e0 prendre cette d\u00e9cision, comme ils le pr\u00e9tendent, date depuis des mois, pour ne pas dire des [\u2026]<\/p>\n<p>L\u2019article <a href=\"https:\/\/www.tunisienumerique.com\/tunisie-de-quoi-ont-peur-tous-ces-nahdhaouis-qui-sempressent-de-demissionner-avant-la-manifestation-de-demain\/\">Tunisie \u2013\u00a0 De quoi ont peur tous ces nahdhaouis qui s\u2019empressent de d\u00e9missionner avant la manifestation de demain\u00a0?<\/a> est apparu en premier sur <a href=\"https:\/\/www.tunisienumerique.com\/\">Tunisie<\/a>.<\/p>\n<\/div>\n<p>Auteur: Ramsis<br \/>\n<a href=\"https:\/\/www.tunisienumerique.com\/tunisie-de-quoi-ont-peur-tous-ces-nahdhaouis-qui-sempressent-de-demissionner-avant-la-manifestation-de-demain\/\">Cliquez ici pour lire l&rsquo;article depuis sa source.<\/a><\/p>\n","protected":false},"excerpt":{"rendered":"<p>Les d\u00e9missions se suivent et se comptent, d\u00e9sormais par dizaines, pour la seule journ\u00e9e de ce samedi. Pourquoi, tous ces nahdhaouis se sont-ils r\u00e9veill\u00e9s, comme \u00e7\u00e0, d\u2019un coup, le m\u00eame jour, alors que ce qui les auraient pouss\u00e9s \u00e0 prendre cette d\u00e9cision, comme ils le pr\u00e9tendent, date depuis des mois, pour ne pas dire des [&hellip;]<\/p>\n","protected":false},"author":1789,"featured_media":0,"comment_status":"closed","ping_status":"closed","sticky":false,"template":"","format":"standard","meta":{"fifu_image_url":"","fifu_image_alt":"","footnotes":""},"categories":[73,55],"tags":[],"class_list":["post-128149","post","type-post","status-publish","format-standard","hentry","category-actualite","category-tunisie"],"_links":{"self":[{"href":"https:\/\/linitiative.ca\/International\/wp-json\/wp\/v2\/posts\/128149","targetHints":{"allow":["GET"]}}],"collection":[{"href":"https:\/\/linitiative.ca\/International\/wp-json\/wp\/v2\/posts"}],"about":[{"href":"https:\/\/linitiative.ca\/International\/wp-json\/wp\/v2\/types\/post"}],"author":[{"embeddable":true,"href":"https:\/\/linitiative.ca\/International\/wp-json\/wp\/v2\/users\/1789"}],"replies":[{"embeddable":true,"href":"https:\/\/linitiative.ca\/International\/wp-json\/wp\/v2\/comments?post=128149"}],"version-history":[{"count":0,"href":"https:\/\/linitiative.ca\/International\/wp-json\/wp\/v2\/posts\/128149\/revisions"}],"wp:attachment":[{"href":"https:\/\/linitiative.ca\/International\/wp-json\/wp\/v2\/media?parent=128149"}],"wp:term":[{"taxonomy":"category","embeddable":true,"href":"https:\/\/linitiative.ca\/International\/wp-json\/wp\/v2\/categories?post=128149"},{"taxonomy":"post_tag","embeddable":true,"href":"https:\/\/linitiative.ca\/International\/wp-json\/wp\/v2\/tags?post=128149"}],"curies":[{"name":"wp","href":"https:\/\/api.w.org\/{rel}","templated":true}]}}