{"id":128150,"date":"2021-09-25T06:18:14","date_gmt":"2021-09-25T10:18:14","guid":{"rendered":"https:\/\/linitiative.ca\/International\/journalisme-abdel-aziz-nabaloum-des-editions-sidwaya-remporte-le-prix-ulrich-wickert\/"},"modified":"2021-09-25T06:18:14","modified_gmt":"2021-09-25T10:18:14","slug":"journalisme-abdel-aziz-nabaloum-des-editions-sidwaya-remporte-le-prix-ulrich-wickert","status":"publish","type":"post","link":"https:\/\/linitiative.ca\/International\/journalisme-abdel-aziz-nabaloum-des-editions-sidwaya-remporte-le-prix-ulrich-wickert\/","title":{"rendered":"Journalisme: \u00a0Abdel Aziz Nabaloum des Editions Sidwaya remporte le Prix Ulrich wickert"},"content":{"rendered":"<div>\n<p>Burkina : Le journaliste des Editions Sidwaya, Abdel Aziz Nabaloum a remport\u00e9 le vendredi 24 septembre 2021 \u00e0 Ouagadougou, le prix du journalisme de la fondation Ulrich Wickert, avec son article : (El\u00e8ves d\u00e9plac\u00e9es internes : cette corv\u00e9e qui brise les espoirs d\u2019\u00e9ducation). M Nabaloum a re\u00e7u un troph\u00e9e et la somme de 6000\u20ac de la fondation bas\u00e9e en Allemagne.<\/p>\n<p>Mais au regard de la crise sanitaire emp\u00eachant les d\u00e9placements, le plan international Burkina a \u00e9t\u00e9 charg\u00e9 de remettre le prix au vainqueur au cours d\u2019une c\u00e9r\u00e9monie organis\u00e9e \u00e0 cet effet. Selon lui, ce prix honore toute la presse burkinab\u00e8.\u00a0 \u00ab\u00a0<em>C\u2019est toute la presse burkinab\u00e8 qui est honor\u00e9e puisque c\u2019est un prix international \u00a0\u00bb\u00a0 <\/em>, a- t- il confie.<\/p>\n<p>Le prix du journalisme Ulrich wickert r\u00e9compense chaque ann\u00e9e, les productions des journalistes sur les droits de l\u2019enfant.<\/p>\n<p>AB<\/p>\n<p>\u00a0<\/p>\n<p>L\u2019article <a rel=\"nofollow\" href=\"https:\/\/www.sidwaya.info\/blog\/2021\/09\/25\/journalisme-abdel-aziz-nabaloum-des-editions-sidwaya-remporte-le-prix-ulrich-wickert\/\">Journalisme: \u00a0Abdel Aziz Nabaloum des Editions Sidwaya remporte le Prix Ulrich wickert<\/a> est apparu en premier sur <a rel=\"nofollow\" href=\"https:\/\/www.sidwaya.info\/\">Quotidien Sidwaya<\/a>.<\/p>\n<\/div>\n<p>Auteur: BANGRE SIDWAYA<br \/>\n<a href=\"https:\/\/www.sidwaya.info\/blog\/2021\/09\/25\/journalisme-abdel-aziz-nabaloum-des-editions-sidwaya-remporte-le-prix-ulrich-wickert\/\">Cliquez ici pour lire l&rsquo;article depuis sa source.<\/a><\/p>\n","protected":false},"excerpt":{"rendered":"<p>Burkina : Le journaliste des Editions Sidwaya, Abdel Aziz Nabaloum a remport\u00e9 le vendredi 24 septembre 2021 \u00e0 Ouagadougou, le prix du journalisme de la fondation Ulrich Wickert, avec son article : (El\u00e8ves d\u00e9plac\u00e9es internes : cette corv\u00e9e qui brise les espoirs d\u2019\u00e9ducation). M Nabaloum a re\u00e7u un troph\u00e9e et la somme de 6000\u20ac de [&hellip;]<\/p>\n","protected":false},"author":1816,"featured_media":0,"comment_status":"closed","ping_status":"closed","sticky":false,"template":"","format":"standard","meta":{"fifu_image_url":"","fifu_image_alt":"","footnotes":""},"categories":[73,81],"tags":[],"class_list":["post-128150","post","type-post","status-publish","format-standard","hentry","category-actualite","category-burkina-faso"],"_links":{"self":[{"href":"https:\/\/linitiative.ca\/International\/wp-json\/wp\/v2\/posts\/128150","targetHints":{"allow":["GET"]}}],"collection":[{"href":"https:\/\/linitiative.ca\/International\/wp-json\/wp\/v2\/posts"}],"about":[{"href":"https:\/\/linitiative.ca\/International\/wp-json\/wp\/v2\/types\/post"}],"author":[{"embeddable":true,"href":"https:\/\/linitiative.ca\/International\/wp-json\/wp\/v2\/users\/1816"}],"replies":[{"embeddable":true,"href":"https:\/\/linitiative.ca\/International\/wp-json\/wp\/v2\/comments?post=128150"}],"version-history":[{"count":0,"href":"https:\/\/linitiative.ca\/International\/wp-json\/wp\/v2\/posts\/128150\/revisions"}],"wp:attachment":[{"href":"https:\/\/linitiative.ca\/International\/wp-json\/wp\/v2\/media?parent=128150"}],"wp:term":[{"taxonomy":"category","embeddable":true,"href":"https:\/\/linitiative.ca\/International\/wp-json\/wp\/v2\/categories?post=128150"},{"taxonomy":"post_tag","embeddable":true,"href":"https:\/\/linitiative.ca\/International\/wp-json\/wp\/v2\/tags?post=128150"}],"curies":[{"name":"wp","href":"https:\/\/api.w.org\/{rel}","templated":true}]}}