{"id":128155,"date":"2021-09-25T08:57:14","date_gmt":"2021-09-25T12:57:14","guid":{"rendered":"https:\/\/linitiative.ca\/International\/conference-internationale-sur-les-sciences-et-la-diplomatie-a-ouagadougou-le-comite-national-dorganisation-installe-le-vendredi-23-septembre\/"},"modified":"2021-09-25T08:57:14","modified_gmt":"2021-09-25T12:57:14","slug":"conference-internationale-sur-les-sciences-et-la-diplomatie-a-ouagadougou-le-comite-national-dorganisation-installe-le-vendredi-23-septembre","status":"publish","type":"post","link":"https:\/\/linitiative.ca\/International\/conference-internationale-sur-les-sciences-et-la-diplomatie-a-ouagadougou-le-comite-national-dorganisation-installe-le-vendredi-23-septembre\/","title":{"rendered":"Conf\u00e9rence internationale sur les sciences et la diplomatie \u00e0 Ouagadougou:\u00a0 Le \u00a0Comit\u00e9 national d\u2019organisation install\u00e9 le vendredi 23 septembre"},"content":{"rendered":"<div>\n<p>Le Burkina Faso accueille du 29 novembre au 1er d\u00e9cembre 2021 une grande conf\u00e9rence internationale sur les sciences et la diplomatie sous le th\u00e8me : \u00ab Nexus sciences et diplomatie : acc\u00e9l\u00e9rer la transformation de l\u2019Afrique par l\u2019innovation technologique \u00bb.<\/p>\n<p>Initi\u00e9e par le pr\u00e9sident du Faso, Roch Kabor\u00e9, cette conf\u00e9rence internationale va r\u00e9unir 500 invit\u00e9s dont des chefs d\u2019\u00c9tat d\u2019Afrique, d\u2019Asie et du Moyen-Orient, ainsi que des scientifiques de renom.<\/p>\n<p>Selon le Directeur de cabinet du pr\u00e9sident du Faso, Dr Seydou Zagr\u00e9, la rencontre entend\u00a0: \u00ab R\u00e9unir tout ce qui compte en mati\u00e8re d\u2019innovation dans tous les secteurs : les scientifiques, les diplomates, d\u2019\u00e9minentes personnalit\u00e9s politiques pour r\u00e9fl\u00e9chir afin de permettre aux pays africains de profiter efficacement des avanc\u00e9es technologiques pour avancer dans tous les domaines, dans tous les secteurs d\u2019activit\u00e9s). Il s\u2019agit pour le pr\u00e9sident du Faso Roch Marc Christian Kabor\u00e9, (d\u2019offrir aux scientifiques et aux diplomates, des opportunit\u00e9s d\u2019\u00e9changer des informations, d\u2019explorer des domaines de coop\u00e9ration possible, et de d\u00e9velopper des propositions pour r\u00e9soudre les probl\u00e8mes existants).<\/p>\n<p>En vue de r\u00e9ussir l\u2019\u00e9v\u00e8nement, un Comit\u00e9 national d\u2019organisation (CNO), pr\u00e9sid\u00e9 par le conseiller sp\u00e9cial du pr\u00e9sident du Faso, Bissiri Sirima, a \u00e9t\u00e9 install\u00e9 le vendredi septembre 2021 par le directeur de cabinet du pr\u00e9sident du Faso, Dr Seydou Zagr\u00e9.<\/p>\n<p><img decoding=\"async\" loading=\"lazy\" class=\"alignnone wp-image-40001\" src=\"https:\/\/linitiative.ca\/International\/wp-content\/uploads\/sites\/23\/2021\/09\/abcd-300x189-1.jpg\" alt=\"\" width=\"736\" height=\"464\" srcset=\"https:\/\/linitiative.ca\/International\/wp-content\/uploads\/sites\/23\/2021\/09\/abcd-300x189-1.jpg 300w, https:\/\/www.sidwaya.info\/wp-content\/uploads\/2021\/09\/abcd-768x483.jpg 768w, https:\/\/www.sidwaya.info\/wp-content\/uploads\/2021\/09\/abcd-150x94.jpg 150w, https:\/\/www.sidwaya.info\/wp-content\/uploads\/2021\/09\/abcd-696x438.jpg 696w, https:\/\/www.sidwaya.info\/wp-content\/uploads\/2021\/09\/abcd-668x420.jpg 668w, https:\/\/www.sidwaya.info\/wp-content\/uploads\/2021\/09\/abcd.jpg 900w\" sizes=\"auto, (max-width: 736px) 100vw, 736px\"><\/p>\n<p>La Conf\u00e9rence se tiendra aussi bien en pr\u00e9sentiel qu\u2019en ligne, pour permettre surtout aux \u00e9tudiants des universit\u00e9s burkinab\u00e8 de profiter de ce grand rendez-vous.<\/p>\n<p>\u00a0<\/p>\n<p>Direction de la communication de la pr\u00e9sidence du Faso<\/p>\n<p>\u00a0<\/p>\n<p>\u00a0<\/p>\n<p>\u00a0<\/p>\n<p>L\u2019article <a rel=\"nofollow\" href=\"https:\/\/www.sidwaya.info\/blog\/2021\/09\/25\/conference-internationale-sur-les-sciences-et-la-diplomatie-a-ouagadougou-le-comite-national-dorganisation-installe-le-vendredi-23-septembre\/\">Conf\u00e9rence internationale sur les sciences et la diplomatie \u00e0 Ouagadougou:\u00a0 Le \u00a0Comit\u00e9 national d\u2019organisation install\u00e9 le vendredi 23 septembre<\/a> est apparu en premier sur <a rel=\"nofollow\" href=\"https:\/\/www.sidwaya.info\/\">Quotidien Sidwaya<\/a>.<\/p>\n<\/div>\n<p>Auteur: BANGRE SIDWAYA<br \/>\n<a href=\"https:\/\/www.sidwaya.info\/blog\/2021\/09\/25\/conference-internationale-sur-les-sciences-et-la-diplomatie-a-ouagadougou-le-comite-national-dorganisation-installe-le-vendredi-23-septembre\/\">Cliquez ici pour lire l&rsquo;article depuis sa source.<\/a><\/p>\n","protected":false},"excerpt":{"rendered":"<p>Le Burkina Faso accueille du 29 novembre au 1er d\u00e9cembre 2021 une grande conf\u00e9rence internationale sur les sciences et la diplomatie sous le th\u00e8me : \u00ab Nexus sciences et diplomatie : acc\u00e9l\u00e9rer la transformation de l\u2019Afrique par l\u2019innovation technologique \u00bb. Initi\u00e9e par le pr\u00e9sident du Faso, Roch Kabor\u00e9, cette conf\u00e9rence internationale va r\u00e9unir 500 invit\u00e9s [&hellip;]<\/p>\n","protected":false},"author":1816,"featured_media":0,"comment_status":"closed","ping_status":"closed","sticky":false,"template":"","format":"standard","meta":{"fifu_image_url":"https:\/\/www.sidwaya.info\/wp-content\/uploads\/2021\/09\/abcd-300x189.jpg","fifu_image_alt":"Conf\u00e9rence internationale sur les sciences et la diplomatie \u00e0 Ouagadougou:\u00a0 Le \u00a0Comit\u00e9 national d\u2019organisation install\u00e9 le vendredi 23 septembre","footnotes":""},"categories":[73,81],"tags":[],"class_list":["post-128155","post","type-post","status-publish","format-standard","hentry","category-actualite","category-burkina-faso"],"_links":{"self":[{"href":"https:\/\/linitiative.ca\/International\/wp-json\/wp\/v2\/posts\/128155","targetHints":{"allow":["GET"]}}],"collection":[{"href":"https:\/\/linitiative.ca\/International\/wp-json\/wp\/v2\/posts"}],"about":[{"href":"https:\/\/linitiative.ca\/International\/wp-json\/wp\/v2\/types\/post"}],"author":[{"embeddable":true,"href":"https:\/\/linitiative.ca\/International\/wp-json\/wp\/v2\/users\/1816"}],"replies":[{"embeddable":true,"href":"https:\/\/linitiative.ca\/International\/wp-json\/wp\/v2\/comments?post=128155"}],"version-history":[{"count":0,"href":"https:\/\/linitiative.ca\/International\/wp-json\/wp\/v2\/posts\/128155\/revisions"}],"wp:attachment":[{"href":"https:\/\/linitiative.ca\/International\/wp-json\/wp\/v2\/media?parent=128155"}],"wp:term":[{"taxonomy":"category","embeddable":true,"href":"https:\/\/linitiative.ca\/International\/wp-json\/wp\/v2\/categories?post=128155"},{"taxonomy":"post_tag","embeddable":true,"href":"https:\/\/linitiative.ca\/International\/wp-json\/wp\/v2\/tags?post=128155"}],"curies":[{"name":"wp","href":"https:\/\/api.w.org\/{rel}","templated":true}]}}