{"id":128159,"date":"2021-09-25T04:18:02","date_gmt":"2021-09-25T08:18:02","guid":{"rendered":"https:\/\/linitiative.ca\/International\/macky-sall-et-le-magal-de-touba-a-la-une-de-la-presse-senegalaise\/"},"modified":"2021-09-25T04:18:02","modified_gmt":"2021-09-25T08:18:02","slug":"macky-sall-et-le-magal-de-touba-a-la-une-de-la-presse-senegalaise","status":"publish","type":"post","link":"https:\/\/linitiative.ca\/International\/macky-sall-et-le-magal-de-touba-a-la-une-de-la-presse-senegalaise\/","title":{"rendered":"Macky Sall et le Magal de Touba \u00e0 la Une de la presse s\u00e9n\u00e9galaise"},"content":{"rendered":"<div>\n<p><img loading=\"lazy\" decoding=\"async\" width=\"250\" height=\"200\" src=\"https:\/\/linitiative.ca\/International\/wp-content\/uploads\/sites\/23\/2021\/09\/16325578828187.jpg\" class=\"attachment-post-thumbnail size-post-thumbnail wp-post-image\" alt=\"\"><\/p>\n<p>Les quotidiens s\u00e9n\u00e9galais re\u00e7us, ce samedi \u00e0 APA, traitent prioritairement du discours de Macky Sall \u00e0 la 76e Assembl\u00e9e g\u00e9n\u00e9rale de l&rsquo;ONU et du Magal de Touba qui sera celebre ce 26 septembre 2021.\u00a0\u00bbPuissant plaidoyer du pr\u00e9sident \u00e0 l&rsquo;ONU: Macky l&rsquo;Africain\u00a0\u00bb, titre le quotidien national Le Soleil, \u00e0 c\u00f4t\u00e9 du Quotidien qui note: \u00ab\u00a0New York-Assembl\u00e9e g\u00e9n\u00e9rale des Nations Unies: Le plaidoyer de Macky Sall. Il appelle \u00e0 une solidarit\u00e9 vaccinale\u00a0\u00bb.\u00a0<\/p>\n<p>Dans le m\u00eame journal, le chef de l&rsquo;\u00c9tat s\u00e9n\u00e9galais soutient que \u00ab\u00a0pour la relance \u00e9conomique, l&rsquo;Afrique a besoin de 250 milliards de dollars\u00a0\u00bb.<\/p>\n<p>\u00ab\u00a0Assembl\u00e9e g\u00e9n\u00e9rale des Nations Unies: Le plaidoyer de Macky Sall pour l&rsquo;Afrique \u00e0 la tribune de l&rsquo;ONU\u00a0\u00bb, rench\u00e9rit L&rsquo;Observateur.<\/p>\n<p>\u00ab\u00a0252 milliards de dollars n\u00e9cessaires pour l&rsquo;Afrique d&rsquo;ici 2025&#8230;Macky pour l&rsquo;amplification du New Deal\u00a0\u00bb, rapporte Vox Populi, faisant dire \u00e0 Sud Quotidien: \u00ab\u00a0Macky, porte-parole de l&rsquo;Afrique\u00a0\u00bb.<\/p>\n<p>Pour L&rsquo;As, Macky a dit ses v\u00e9rit\u00e9s \u00e0 New York par rapport \u00e0 la diplomatie sanitaire, \u00e0 la r\u00e9forme des Nations Unies et au New Deal avec l&rsquo;Afrique.<\/p>\n<p>\u00ab\u00a0Le chacun pour soi ne nous sortira pas de la pand\u00e9mie. L&rsquo;Afrique a besoin d&rsquo;au moins 252 milliards de dollars d&rsquo;ici 2025\u00a0\u00bb, r\u00e9affirme Macky Sall dans Walf Quotidien, l\u00e0 o\u00f9 Les \u00c9chos \u00e9crit que \u00ab\u00a0Macky Sall dit ses v\u00e9rit\u00e9s crues au monde\u00a0\u00bb concernant le terrorisme en Afrique, la Covid-19 et la r\u00e9forme de l&rsquo;ONU.<\/p>\n<p>\u00ab\u00a0Il est temps que la composition du Conseil de s\u00e9curit\u00e9 refl\u00e8te les r\u00e9alit\u00e9s des Nations Unies du 21e si\u00e8cle, et non celles r\u00e9volues, du monde d&rsquo;apr\u00e8s guerre. Le chacun pour soi ne nous sortira pas de la pand\u00e9mie&#8230;Personne ne sera \u00e0 l&rsquo;abri si le virus ou ses variants circulent quelque part dans le monde. L&rsquo;aide ne peut pas nous satisfaire. Nous avons besoin d&rsquo;acc\u00e9der \u00e0 des ressources concessionelles et mixtes cons\u00e9quentes sous forme de pr\u00eats\u00a0\u00bb, affime le pr\u00e9sident s\u00e9n\u00e9galais dans Les \u00c9chos.<\/p>\n<p>Parlant de la 127e \u00e9dition du Magal, nos confr\u00e8res de ce journal constatent que \u00ab\u00a0l&rsquo;eau (est) le grand probl\u00e8me \u00e0 Touba\u00a0\u00bb. \u00ab\u00a0Inondations et manque d&rsquo;eau, les deux fl\u00e9aux majeurs. 596 personnes arr\u00eat\u00e9es, 34 accidents dont un mort enregistr\u00e9s\u00a0\u00bb, informe Les \u00c9chos.<\/p>\n<p>De son c\u00f4t\u00e9, EnQu\u00eate traite des familles maraboutiques de Touba et plonge dans \u00ab\u00a0l&rsquo;univers sulfureux des beuk neek\u00a0\u00bb, \u00ab\u00a0passage oblig\u00e9 pour acc\u00e9der au marabout, les chambelmans n&rsquo;ont pas bonne presse\u00a0\u00bb.<\/p>\n<p>\u00ab\u00a0Soufisme, sens du travail, lutte contre l&rsquo;assimilation: Bamba (fondateur du mouridisme) o\u00f9 le triomphe d&rsquo;une vision\u00a0\u00bb, \u00e9crit L&rsquo;As.<\/p>\n<p>\u00ab\u00a0C\u00e9l\u00e9bration du Grand Magal: Touba, d\u00e9j\u00e0 dans la ferveur !\u00a0\u00bb, s&rsquo; exclame Sud Quotidien.<\/p>\n<p>Cet article <a rel=\"nofollow\" href=\"https:\/\/www.journalducameroun.com\/macky-sall-et-le-magal-de-touba-a-la-une-de-la-presse-senegalaise\/\">Macky Sall et le Magal de Touba \u00e0 la Une de la presse s\u00e9n\u00e9galaise<\/a> est apparu en premier sur <a rel=\"nofollow\" href=\"https:\/\/www.journalducameroun.com\/\">Journal du Cameroun<\/a>.<\/p>\n<\/div>\n<p>Auteur: APA News<br \/>\n<a href=\"https:\/\/www.journalducameroun.com\/macky-sall-et-le-magal-de-touba-a-la-une-de-la-presse-senegalaise\/\">Cliquez ici pour lire l&rsquo;article depuis sa source.<\/a><\/p>\n","protected":false},"excerpt":{"rendered":"<p>Les quotidiens s\u00e9n\u00e9galais re\u00e7us, ce samedi \u00e0 APA, traitent prioritairement du discours de Macky Sall \u00e0 la 76e Assembl\u00e9e g\u00e9n\u00e9rale de l&rsquo;ONU et du Magal de Touba qui sera celebre ce 26 septembre 2021.\u00a0\u00bbPuissant plaidoyer du pr\u00e9sident \u00e0 l&rsquo;ONU: Macky l&rsquo;Africain\u00a0\u00bb, titre le quotidien national Le Soleil, \u00e0 c\u00f4t\u00e9 du Quotidien qui note: \u00ab\u00a0New York-Assembl\u00e9e [&hellip;]<\/p>\n","protected":false},"author":1965,"featured_media":0,"comment_status":"closed","ping_status":"closed","sticky":false,"template":"","format":"standard","meta":{"fifu_image_url":"https:\/\/www.journalducameroun.com\/wp-content\/uploads\/2021\/09\/16325578828187.jpg","fifu_image_alt":"Macky Sall et le Magal de Touba \u00e0 la Une de la presse s\u00e9n\u00e9galaise","footnotes":""},"categories":[73,82],"tags":[],"class_list":["post-128159","post","type-post","status-publish","format-standard","hentry","category-actualite","category-cameroun"],"_links":{"self":[{"href":"https:\/\/linitiative.ca\/International\/wp-json\/wp\/v2\/posts\/128159","targetHints":{"allow":["GET"]}}],"collection":[{"href":"https:\/\/linitiative.ca\/International\/wp-json\/wp\/v2\/posts"}],"about":[{"href":"https:\/\/linitiative.ca\/International\/wp-json\/wp\/v2\/types\/post"}],"author":[{"embeddable":true,"href":"https:\/\/linitiative.ca\/International\/wp-json\/wp\/v2\/users\/1965"}],"replies":[{"embeddable":true,"href":"https:\/\/linitiative.ca\/International\/wp-json\/wp\/v2\/comments?post=128159"}],"version-history":[{"count":0,"href":"https:\/\/linitiative.ca\/International\/wp-json\/wp\/v2\/posts\/128159\/revisions"}],"wp:attachment":[{"href":"https:\/\/linitiative.ca\/International\/wp-json\/wp\/v2\/media?parent=128159"}],"wp:term":[{"taxonomy":"category","embeddable":true,"href":"https:\/\/linitiative.ca\/International\/wp-json\/wp\/v2\/categories?post=128159"},{"taxonomy":"post_tag","embeddable":true,"href":"https:\/\/linitiative.ca\/International\/wp-json\/wp\/v2\/tags?post=128159"}],"curies":[{"name":"wp","href":"https:\/\/api.w.org\/{rel}","templated":true}]}}