{"id":128163,"date":"2021-09-25T13:18:02","date_gmt":"2021-09-25T17:18:02","guid":{"rendered":"https:\/\/linitiative.ca\/International\/nestle-devoile-ses-plans-pour-un-systeme-alimentaire-regenerateur\/"},"modified":"2021-09-25T13:18:02","modified_gmt":"2021-09-25T17:18:02","slug":"nestle-devoile-ses-plans-pour-un-systeme-alimentaire-regenerateur","status":"publish","type":"post","link":"https:\/\/linitiative.ca\/International\/nestle-devoile-ses-plans-pour-un-systeme-alimentaire-regenerateur\/","title":{"rendered":"Nestl\u00e9 d\u00e9voile ses plans pour un syst\u00e8me alimentaire r\u00e9g\u00e9n\u00e9rateur"},"content":{"rendered":"<div>\n<p><img loading=\"lazy\" decoding=\"async\" width=\"697\" height=\"523\" src=\"https:\/\/linitiative.ca\/International\/wp-content\/uploads\/sites\/23\/2021\/09\/16325902822164.jpg\" class=\"attachment-post-thumbnail size-post-thumbnail wp-post-image\" alt=\"\" srcset=\"https:\/\/linitiative.ca\/International\/wp-content\/uploads\/sites\/23\/2021\/09\/16325902822164.jpg 697w, https:\/\/www.journalducameroun.com\/wp-content\/uploads\/2021\/09\/16325902822164-300x225.jpg 300w, https:\/\/www.journalducameroun.com\/wp-content\/uploads\/2021\/09\/16325902822164-586x440.jpg 586w, https:\/\/www.journalducameroun.com\/wp-content\/uploads\/2021\/09\/16325902822164-600x450.jpg 600w\" sizes=\"auto, (max-width: 697px) 100vw, 697px\"><\/p>\n<p>Le g\u00e9ant agro-alimentaire suisse Nestl\u00e9 d\u00e9voile ses plans pour soutenir la transition vers un syst\u00e8me alimentaire r\u00e9g\u00e9n\u00e9rateur.<\/p>\n<p>Les plans du groupe agro-alimentaire visent notamment \u00e0 prot\u00e9ger et restaurer l&rsquo;environnement, am\u00e9liorer le niveau de vie des agriculteurs et renforcer le bien-\u00eatre des communaut\u00e9s agricoles.<\/p>\n<p>Dans cet \u00e9lan, il travaillera en collaboration avec ses partenaires du syst\u00e8me alimentaire, son r\u00e9seau de plus de 500 000 agriculteurs et 150 000 fournisseurs. Cela devrait permettre de faire progresser les pratiques agricoles r\u00e9g\u00e9n\u00e9ratrices au c\u0153ur m\u00eame du syst\u00e8me alimentaire.\u00a0<\/p>\n<p>La firme envisage \u00e9galement de lancer de nouveaux programmes afin de contribuer \u00e0 relever les d\u00e9fis sociaux et \u00e9conomiques li\u00e9s \u00e0 cette transition. \u00ab\u00a0Nous savons que l&rsquo;agriculture r\u00e9g\u00e9n\u00e9ratrice joue un r\u00f4le essentiel dans l&rsquo;am\u00e9lioration de la sant\u00e9 des sols, la restauration des cycles de l&rsquo;eau et l&rsquo;augmentation de la biodiversit\u00e9 \u00e0 long terme, a d\u00e9clar\u00e9 Paul Bulcke, pr\u00e9sident de Nestl\u00e9.\u00a0<\/p>\n<p>Selon lui \u00ab\u00a0ces \u00e9l\u00e9ments constituent le fondement d&rsquo;une production alimentaire durable et, surtout, contribuent \u00e0 la r\u00e9alisation de nos objectifs ambitieux pour le climat\u00a0\u00bb.\u00a0<\/p>\n<p>Cette annonce du groupe intervient \u00e0 l&rsquo;occasion du Sommet des Nations Unies sur les syst\u00e8mes alimentaires \u00e0 New York, et dans le cadre de la contribution de Nestl\u00e9 \u00e0 la r\u00e9alisation des Objectifs de d\u00e9veloppement durable (ODD) d&rsquo;ici 2030.\u00a0<\/p>\n<p>Elle fait \u00e9galement suite au r\u00e9cent rapport du panel intergouvernemental des Nations Unies sur le changement climatique, qui souligne que la crise climatique s&rsquo;intensifie.<\/p>\n<p>Le groupe agro-alimentaire est d&rsquo;ailleurs signataire de l&rsquo;engagement des Nations Unies \u00ab\u00a0Business Ambition for 1.5\u00b0C\u00a0\u00bb. Il a \u00e9t\u00e9 l&rsquo;une des premi\u00e8res entreprises \u00e0 publier, en d\u00e9cembre 2020, ses plans d\u00e9taill\u00e9s pour le changement climatique, accompagn\u00e9s d&rsquo;un calendrier.\u00a0<\/p>\n<p>Protection de l&rsquo;environnement \u00a0<\/p>\n<p>La firme agro-alimentaire met tout en \u0153uvre pour r\u00e9duire de moiti\u00e9 ses \u00e9missions d&rsquo;ici 2030 et atteindre z\u00e9ro \u00e9mission nette d&rsquo;ici 2050.<\/p>\n<p>\u00ab\u00a0En nous appuyant sur nos partenariats de longue date avec les communaut\u00e9s agricoles partout dans le monde, nous souhaitons accro\u00eetre notre soutien aux pratiques agricoles qui sont b\u00e9n\u00e9fiques pour l&rsquo;environnement et les personnes\u00a0\u00bb, a d\u00e9clar\u00e9 Mark Schneider, CEO de Nestl\u00e9.\u00a0<\/p>\n<p>\u00ab\u00a0Dans l&rsquo;esprit de favoriser une transition juste, il est vital que nous soutenions les agriculteurs du monde entier qui assument les risques et les co\u00fbts associ\u00e9s \u00e0 la transition vers une agriculture r\u00e9g\u00e9n\u00e9ratrice&rsquo;, a-t-il ajout\u00e9.\u00a0<\/p>\n<p>Le groupe s&rsquo;est engag\u00e9 \u00e0 investir 1,2 milliard de CHF au cours des cinq prochaines ann\u00e9es pour encourager l&rsquo;agriculture r\u00e9g\u00e9n\u00e9ratrice dans toute la cha\u00eene d&rsquo;approvisionnement.\u00a0<\/p>\n<p>\u00a0Ce projet vise \u00e0 soutenir les communaut\u00e9s agricoles gr\u00e2ce \u00e0 de nouveaux programmes pour l&rsquo;am\u00e9lioration des niveaux de vie et pour les jeunes.\u00a0<\/p>\n<p>L&rsquo;agriculture r\u00e9g\u00e9n\u00e9ratrice contribue \u00e0 un syst\u00e8me alimentaire r\u00e9g\u00e9n\u00e9rateur, qui doit \u00eatre \u00e9quitable et transparent pour tous les acteurs. Le groupe est engag\u00e9e \u00e0 soutenir des revenus am\u00e9lior\u00e9s et diversifi\u00e9s pour les agriculteurs par le biais de ses programmes actuels de durabilit\u00e9.\u00a0<\/p>\n<p>Nestl\u00e9 mettra en \u0153uvre de nouveaux programmes pour l&rsquo;am\u00e9lioration des niveaux de vie des agriculteurs de sa cha\u00eene de valeur, afin de rendre l&rsquo;agriculture plus attrayante.\u00a0<\/p>\n<p>Cette ann\u00e9e encore, Nestl\u00e9 d\u00e9voilera des projets sp\u00e9cifiques pour ses cha\u00eenes d&rsquo;approvisionnement de caf\u00e9 et de cacao. La firme d\u00e9veloppe , entre autres, des vari\u00e9t\u00e9s de caf\u00e9 et de cacao \u00e0 plus haut rendement, et ayant un impact environnemental plus faible.\u00a0<\/p>\n<p>Leviers pour une agriculture r\u00e9g\u00e9n\u00e9ratrice \u00a0Nestl\u00e9 utilisera trois leviers principaux pour aider les agriculteurs \u00e0 adopter des pratiques r\u00e9g\u00e9n\u00e9ratrices.\u00a0<\/p>\n<p>Premi\u00e8rement, il s&rsquo;agira de mettre en pratique les sciences et technologies de pointe, fournir une assistance technique, en s&rsquo;appuyant sur son vaste r\u00e9seau d&rsquo;experts en R&amp;D et d&rsquo;agronomes.<\/p>\n<p>Le groupe agro-alimentaire teste \u00e9galement de nouvelles solutions pour r\u00e9duire les \u00e9missions dans la cha\u00eene d&rsquo;approvisionnement laiti\u00e8re.\u00a0<\/p>\n<p>Nestl\u00e9 proposera aussi des formations agricoles et aidera les agriculteurs \u00e0 \u00e9changer des informations et des bonnes pratiques pouvant \u00eatre adapt\u00e9es localement.\u00a0<\/p>\n<p>Dans un deuxi\u00e8me temps, le groupe entend offrir un soutien \u00e0 l&rsquo;investissement: la transition vers l&rsquo;agriculture r\u00e9g\u00e9n\u00e9ratrice s&rsquo;accompagne de risques initiaux et de nouveaux co\u00fbts.\u00a0<\/p>\n<p>Il soutiendra les agriculteurs en co-investissant avec eux, en facilitant le financement ou en les aidant \u00e0 obtenir des pr\u00eats pour des \u00e9quipements sp\u00e9cifiques.\u00a0<\/p>\n<p>Nestl\u00e9 travaillera ainsi avec des partenaires pour financer des projets pilotes afin de tester et d\u00e9terminer la meilleure mani\u00e8re de faire progresser l&rsquo;agriculture r\u00e9g\u00e9n\u00e9ratrice.<\/p>\n<p>Troisi\u00e8mement, le groupe envisage de payer des primes pour les produits de l&rsquo;agriculture r\u00e9g\u00e9n\u00e9ratrice: Nestl\u00e9 offrira des primes pour les mati\u00e8res premi\u00e8res issues de l&rsquo;agriculture r\u00e9g\u00e9n\u00e9ratrice et en ach\u00e8tera de plus grandes quantit\u00e9s.\u00a0<\/p>\n<p>Ceci, pour r\u00e9compenser les agriculteurs pour la quantit\u00e9 et la qualit\u00e9 des produits, mais aussi pour l&rsquo;impact positif sur l&rsquo;environnement au travers de la protection des sols, de la gestion de l&rsquo;eau et le stockage de carbone.\u00a0<\/p>\n<p>Aujourd&rsquo;hui, Nestl\u00e9 a publi\u00e9 les pratiques d&rsquo;agriculture r\u00e9g\u00e9n\u00e9ratrice les plus importantes et qu&rsquo;elle souhaite promouvoir. Elles comprennent, entre autres, l&rsquo;am\u00e9lioration de la biodiversit\u00e9, la pr\u00e9servation des sols, la r\u00e9g\u00e9n\u00e9ration des cycles de l&rsquo;eau et l&rsquo;int\u00e9gration de l&rsquo;\u00e9levage.\u00a0<\/p>\n<p>L&rsquo;agriculture repr\u00e9sente pr\u00e8s des deux tiers des \u00e9missions totales de gaz \u00e0 effet de serre de Nestl\u00e9, les produits laitiers et l&rsquo;\u00e9levage repr\u00e9sentant environ \u00e0 eux seuls la moiti\u00e9 de ces \u00e9missions.\u00a0<\/p>\n<p>La firme travaillera aussi avec 30 fermes laiti\u00e8res de r\u00e9f\u00e9rence dans 12 pays pour tester les pratiques d&rsquo;agriculture r\u00e9g\u00e9n\u00e9ratrice, respectueuses du climat, qui peuvent \u00eatre mises en \u0153uvre \u00e0 plus grande \u00e9chelle et qui contribuent \u00e0 atteindre z\u00e9ro \u00e9mission nette de gaz \u00e0 effet de serre.<\/p>\n<p>Cet article <a rel=\"nofollow\" href=\"https:\/\/www.journalducameroun.com\/nestle-devoile-ses-plans-pour-un-systeme-alimentaire-regenerateur\/\">Nestl\u00e9 d\u00e9voile ses plans pour un syst\u00e8me alimentaire r\u00e9g\u00e9n\u00e9rateur<\/a> est apparu en premier sur <a rel=\"nofollow\" href=\"https:\/\/www.journalducameroun.com\/\">Journal du Cameroun<\/a>.<\/p>\n<\/div>\n<p>Auteur: APA News<br \/>\n<a href=\"https:\/\/www.journalducameroun.com\/nestle-devoile-ses-plans-pour-un-systeme-alimentaire-regenerateur\/\">Cliquez ici pour lire l&rsquo;article depuis sa source.<\/a><\/p>\n","protected":false},"excerpt":{"rendered":"<p>Le g\u00e9ant agro-alimentaire suisse Nestl\u00e9 d\u00e9voile ses plans pour soutenir la transition vers un syst\u00e8me alimentaire r\u00e9g\u00e9n\u00e9rateur. Les plans du groupe agro-alimentaire visent notamment \u00e0 prot\u00e9ger et restaurer l&rsquo;environnement, am\u00e9liorer le niveau de vie des agriculteurs et renforcer le bien-\u00eatre des communaut\u00e9s agricoles. Dans cet \u00e9lan, il travaillera en collaboration avec ses partenaires du syst\u00e8me [&hellip;]<\/p>\n","protected":false},"author":1965,"featured_media":0,"comment_status":"closed","ping_status":"closed","sticky":false,"template":"","format":"standard","meta":{"fifu_image_url":"https:\/\/www.journalducameroun.com\/wp-content\/uploads\/2021\/09\/16325902822164.jpg","fifu_image_alt":"Nestl\u00e9 d\u00e9voile ses plans pour un syst\u00e8me alimentaire r\u00e9g\u00e9n\u00e9rateur","footnotes":""},"categories":[73,82],"tags":[],"class_list":["post-128163","post","type-post","status-publish","format-standard","hentry","category-actualite","category-cameroun"],"_links":{"self":[{"href":"https:\/\/linitiative.ca\/International\/wp-json\/wp\/v2\/posts\/128163","targetHints":{"allow":["GET"]}}],"collection":[{"href":"https:\/\/linitiative.ca\/International\/wp-json\/wp\/v2\/posts"}],"about":[{"href":"https:\/\/linitiative.ca\/International\/wp-json\/wp\/v2\/types\/post"}],"author":[{"embeddable":true,"href":"https:\/\/linitiative.ca\/International\/wp-json\/wp\/v2\/users\/1965"}],"replies":[{"embeddable":true,"href":"https:\/\/linitiative.ca\/International\/wp-json\/wp\/v2\/comments?post=128163"}],"version-history":[{"count":0,"href":"https:\/\/linitiative.ca\/International\/wp-json\/wp\/v2\/posts\/128163\/revisions"}],"wp:attachment":[{"href":"https:\/\/linitiative.ca\/International\/wp-json\/wp\/v2\/media?parent=128163"}],"wp:term":[{"taxonomy":"category","embeddable":true,"href":"https:\/\/linitiative.ca\/International\/wp-json\/wp\/v2\/categories?post=128163"},{"taxonomy":"post_tag","embeddable":true,"href":"https:\/\/linitiative.ca\/International\/wp-json\/wp\/v2\/tags?post=128163"}],"curies":[{"name":"wp","href":"https:\/\/api.w.org\/{rel}","templated":true}]}}