{"id":128165,"date":"2021-09-25T15:52:42","date_gmt":"2021-09-25T19:52:42","guid":{"rendered":"https:\/\/linitiative.ca\/International\/cameroun-le-minesup-ferme-provisoirement-deux-etablissements-prives-denseignement-superieur\/"},"modified":"2021-09-25T15:52:42","modified_gmt":"2021-09-25T19:52:42","slug":"cameroun-le-minesup-ferme-provisoirement-deux-etablissements-prives-denseignement-superieur","status":"publish","type":"post","link":"https:\/\/linitiative.ca\/International\/cameroun-le-minesup-ferme-provisoirement-deux-etablissements-prives-denseignement-superieur\/","title":{"rendered":"Cameroun : Le Minesup ferme \u00ab\u00a0provisoirement\u00a0\u00bb deux \u00e9tablissements priv\u00e9s d\u2019Enseignement sup\u00e9rieur\u00a0"},"content":{"rendered":"<div>\n<p><img loading=\"lazy\" decoding=\"async\" width=\"696\" height=\"391\" src=\"https:\/\/linitiative.ca\/International\/wp-content\/uploads\/sites\/23\/2021\/09\/jacques-fame-ndongo.jpg\" class=\"attachment-post-thumbnail size-post-thumbnail wp-post-image\" alt=\"\" srcset=\"https:\/\/linitiative.ca\/International\/wp-content\/uploads\/sites\/23\/2021\/09\/jacques-fame-ndongo.jpg 696w, https:\/\/www.journalducameroun.com\/wp-content\/uploads\/2018\/11\/jacques-fame-ndongo-300x169.jpg 300w, https:\/\/www.journalducameroun.com\/wp-content\/uploads\/2018\/11\/jacques-fame-ndongo-160x90.jpg 160w, https:\/\/www.journalducameroun.com\/wp-content\/uploads\/2018\/11\/jacques-fame-ndongo-240x135.jpg 240w, https:\/\/www.journalducameroun.com\/wp-content\/uploads\/2018\/11\/jacques-fame-ndongo-600x337.jpg 600w\" sizes=\"auto, (max-width: 696px) 100vw, 696px\"><\/p>\n<h5 id=\"m_4461127627979899545yMail_cursorElementTracker_1632594014721\" style=\"text-align: justify;\">La d\u00e9cision y relative a \u00e9t\u00e9 publi\u00e9e le 24 Septembre dernier.<\/h5>\n<div id=\"m_4461127627979899545yMail_cursorElementTracker_1632594070847\" style=\"text-align: justify;\"><\/div>\n<div style=\"text-align: justify;\"><\/div>\n<div style=\"text-align: justify;\"><\/div>\n<div id=\"m_4461127627979899545yMail_cursorElementTracker_1632594874117\" style=\"text-align: justify;\"><strong>Jacques Fame Ndongo<\/strong>, ministre de l&rsquo;Enseignement sup\u00e9rieur vient de suspendre l&rsquo;Institut sup\u00e9rieur professionnel (r\u00e9gion du Centre-Yaounde-Elig Essono) et l&rsquo;Institut sup\u00e9rieur Mingole (r\u00e9gion du Littoral-Douala-Deido), de toutes activit\u00e9s.<\/div>\n<div id=\"m_4461127627979899545yMail_cursorElementTracker_1632595413775\" style=\"text-align: justify;\"><\/div>\n<div id=\"m_4461127627979899545yMail_cursorElementTracker_1632595414291\" style=\"text-align: justify;\">\u00a0Il leur est reproch\u00e9 les \u00ab\u00a0manquements graves aux conditions et obligations \u00e9dict\u00e9es par le D\u00e9cret n*2001\/832\/PM du 19 Septembre 2001, fixant les r\u00e8gles communes et applicables aux institutions priv\u00e9es d&rsquo;enseignement sup\u00e9rieur\u00a0\u00bb.<\/div>\n<div id=\"m_4461127627979899545yMail_cursorElementTracker_1632595470324\" style=\"text-align: justify;\"><\/div>\n<div id=\"m_4461127627979899545yMail_cursorElementTracker_1632595470504\" style=\"text-align: justify;\">\u00a0La mesure d&rsquo;une dur\u00e9e de trente jours a pris effet depuis la publication de ce communiqu\u00e9. Jacques Fame Ndongo invite les promoteurs de ces deux \u00e9tablissements \u00e0 soumettre pour validation \u00e9ventuelle, un plan de d\u00e9localisation de leurs campus respectifs \u00e0 la Direction du d\u00e9veloppement de l&rsquo;enseignement sup\u00e9rieur, structure en charge du fonctionnement des Institutions priv\u00e9es d&rsquo;enseignement sup\u00e9rieur.<\/div>\n<p>Cet article <a rel=\"nofollow\" href=\"https:\/\/www.journalducameroun.com\/cameroun-le-minesup-ferme-provisoirement-deux-etablissements-prives-denseignement-superieur\/\">Cameroun : Le Minesup ferme \u00ab\u00a0provisoirement\u00a0\u00bb deux \u00e9tablissements priv\u00e9s d\u2019Enseignement sup\u00e9rieur\u00a0<\/a> est apparu en premier sur <a rel=\"nofollow\" href=\"https:\/\/www.journalducameroun.com\/\">Journal du Cameroun<\/a>.<\/p>\n<\/div>\n<p>Auteur: Christian DJIMADEU<br \/>\n<a href=\"https:\/\/www.journalducameroun.com\/cameroun-le-minesup-ferme-provisoirement-deux-etablissements-prives-denseignement-superieur\/\">Cliquez ici pour lire l&rsquo;article depuis sa source.<\/a><\/p>\n","protected":false},"excerpt":{"rendered":"<p>La d\u00e9cision y relative a \u00e9t\u00e9 publi\u00e9e le 24 Septembre dernier. Jacques Fame Ndongo, ministre de l&rsquo;Enseignement sup\u00e9rieur vient de suspendre l&rsquo;Institut sup\u00e9rieur professionnel (r\u00e9gion du Centre-Yaounde-Elig Essono) et l&rsquo;Institut sup\u00e9rieur Mingole (r\u00e9gion du Littoral-Douala-Deido), de toutes activit\u00e9s. \u00a0Il leur est reproch\u00e9 les \u00ab\u00a0manquements graves aux conditions et obligations \u00e9dict\u00e9es par le D\u00e9cret n*2001\/832\/PM du [&hellip;]<\/p>\n","protected":false},"author":1965,"featured_media":0,"comment_status":"closed","ping_status":"closed","sticky":false,"template":"","format":"standard","meta":{"fifu_image_url":"https:\/\/www.journalducameroun.com\/wp-content\/uploads\/2018\/11\/jacques-fame-ndongo.jpg","fifu_image_alt":"Cameroun : Le Minesup ferme \u00ab\u00a0provisoirement\u00a0\u00bb deux \u00e9tablissements priv\u00e9s d\u2019Enseignement sup\u00e9rieur\u00a0","footnotes":""},"categories":[73,82],"tags":[],"class_list":["post-128165","post","type-post","status-publish","format-standard","hentry","category-actualite","category-cameroun"],"_links":{"self":[{"href":"https:\/\/linitiative.ca\/International\/wp-json\/wp\/v2\/posts\/128165","targetHints":{"allow":["GET"]}}],"collection":[{"href":"https:\/\/linitiative.ca\/International\/wp-json\/wp\/v2\/posts"}],"about":[{"href":"https:\/\/linitiative.ca\/International\/wp-json\/wp\/v2\/types\/post"}],"author":[{"embeddable":true,"href":"https:\/\/linitiative.ca\/International\/wp-json\/wp\/v2\/users\/1965"}],"replies":[{"embeddable":true,"href":"https:\/\/linitiative.ca\/International\/wp-json\/wp\/v2\/comments?post=128165"}],"version-history":[{"count":0,"href":"https:\/\/linitiative.ca\/International\/wp-json\/wp\/v2\/posts\/128165\/revisions"}],"wp:attachment":[{"href":"https:\/\/linitiative.ca\/International\/wp-json\/wp\/v2\/media?parent=128165"}],"wp:term":[{"taxonomy":"category","embeddable":true,"href":"https:\/\/linitiative.ca\/International\/wp-json\/wp\/v2\/categories?post=128165"},{"taxonomy":"post_tag","embeddable":true,"href":"https:\/\/linitiative.ca\/International\/wp-json\/wp\/v2\/tags?post=128165"}],"curies":[{"name":"wp","href":"https:\/\/api.w.org\/{rel}","templated":true}]}}