{"id":128169,"date":"2021-09-26T09:00:11","date_gmt":"2021-09-26T13:00:11","guid":{"rendered":"https:\/\/linitiative.ca\/International\/video-primark-le-nouvel-outlet-dalpha-55\/"},"modified":"2021-09-26T09:00:11","modified_gmt":"2021-09-26T13:00:11","slug":"video-primark-le-nouvel-outlet-dalpha-55","status":"publish","type":"post","link":"https:\/\/linitiative.ca\/International\/video-primark-le-nouvel-outlet-dalpha-55\/","title":{"rendered":"Vid\u00e9o :  Primark, le nouvel outlet d\u2019Alpha 55"},"content":{"rendered":"<div>\n<p><img decoding=\"async\" width=\"300\" height=\"153\" src=\"https:\/\/linitiative.ca\/International\/wp-content\/uploads\/sites\/23\/2021\/09\/Mehdi-Benghanem-Primark-le-nouvel-outlet-dAlpha-55-300x153-1.jpg\" class=\"attachment-medium size-medium wp-post-image\" alt=\"\" loading=\"lazy\" srcset=\"\/\/aujourdhui.ma\/wp-content\/uploads\/2021\/09\/Mehdi-Benghanem-Primark-le-nouvel-outlet-dAlpha-55-300x153.jpg 300w, \/\/aujourdhui.ma\/wp-content\/uploads\/2021\/09\/Mehdi-Benghanem-Primark-le-nouvel-outlet-dAlpha-55-274x140.jpg 274w, \/\/aujourdhui.ma\/wp-content\/uploads\/2021\/09\/Mehdi-Benghanem-Primark-le-nouvel-outlet-dAlpha-55.jpg 746w, \/\/aujourdhui.ma\/wp-content\/uploads\/2021\/09\/Mehdi-Benghanem-Primark-le-nouvel-outlet-dAlpha-55-165x84.jpg 165w, \/\/aujourdhui.ma\/wp-content\/uploads\/2021\/09\/Mehdi-Benghanem-Primark-le-nouvel-outlet-dAlpha-55-702x358.jpg 702w\" sizes=\"auto, (max-width: 300px) 100vw, 300px\"><\/p>\n<p><span style=\"font-size: 20px; color: #800000;\"><strong>C\u2019est officiel, Primark fait son entr\u00e9e au Maroc \u00e0 travers Alpha 55.<\/strong><\/span><span id=\"more-387559\"><\/span><\/p>\n<p>Une superficie de 1000 m\u00e8tres carr\u00e9s de vente est ainsi d\u00e9di\u00e9e \u00e0 la marque irlandaise et ce au 5\u00e8me \u00e9tage de l\u2019embl\u00e9matique magasin d\u2019Alpha 55. Dans cette capsule, ALM vous offre une immersion dans ce nouvel univers de textile, connu pour ses prix abordables et produits diversifi\u00e9s. A la veille de l\u2019ouverture de ce point de vente, pr\u00e9vue mercredi prochain, Mehdi Benghanem, pr\u00e9sident de Alpha 55, donne un avant-go\u00fbt de cet outlet.<\/p>\n<p><span style=\"color: #ff0000;\"><strong>Reportage Chafik Arich<\/strong><\/span><\/p>\n<\/div>\n<p>Auteur: ALM<br \/>\n<a href=\"https:\/\/aujourdhui.ma\/videos\/video-primark-le-nouvel-outlet-dalpha-55\">Cliquez ici pour lire l&rsquo;article depuis sa source.<\/a><\/p>\n","protected":false},"excerpt":{"rendered":"<p>C\u2019est officiel, Primark fait son entr\u00e9e au Maroc \u00e0 travers Alpha 55. Une superficie de 1000 m\u00e8tres carr\u00e9s de vente est ainsi d\u00e9di\u00e9e \u00e0 la marque irlandaise et ce au 5\u00e8me \u00e9tage de l\u2019embl\u00e9matique magasin d\u2019Alpha 55. Dans cette capsule, ALM vous offre une immersion dans ce nouvel univers de textile, connu pour ses prix [&hellip;]<\/p>\n","protected":false},"author":1759,"featured_media":0,"comment_status":"closed","ping_status":"closed","sticky":false,"template":"","format":"standard","meta":{"fifu_image_url":"https:\/\/aujourdhui.ma\/wp-content\/uploads\/2021\/09\/Mehdi-Benghanem-Primark-le-nouvel-outlet-dAlpha-55-300x153.jpg","fifu_image_alt":"Vid\u00e9o :  Primark, le nouvel outlet d\u2019Alpha 55","footnotes":""},"categories":[73,54],"tags":[],"class_list":["post-128169","post","type-post","status-publish","format-standard","hentry","category-actualite","category-maroc"],"_links":{"self":[{"href":"https:\/\/linitiative.ca\/International\/wp-json\/wp\/v2\/posts\/128169","targetHints":{"allow":["GET"]}}],"collection":[{"href":"https:\/\/linitiative.ca\/International\/wp-json\/wp\/v2\/posts"}],"about":[{"href":"https:\/\/linitiative.ca\/International\/wp-json\/wp\/v2\/types\/post"}],"author":[{"embeddable":true,"href":"https:\/\/linitiative.ca\/International\/wp-json\/wp\/v2\/users\/1759"}],"replies":[{"embeddable":true,"href":"https:\/\/linitiative.ca\/International\/wp-json\/wp\/v2\/comments?post=128169"}],"version-history":[{"count":0,"href":"https:\/\/linitiative.ca\/International\/wp-json\/wp\/v2\/posts\/128169\/revisions"}],"wp:attachment":[{"href":"https:\/\/linitiative.ca\/International\/wp-json\/wp\/v2\/media?parent=128169"}],"wp:term":[{"taxonomy":"category","embeddable":true,"href":"https:\/\/linitiative.ca\/International\/wp-json\/wp\/v2\/categories?post=128169"},{"taxonomy":"post_tag","embeddable":true,"href":"https:\/\/linitiative.ca\/International\/wp-json\/wp\/v2\/tags?post=128169"}],"curies":[{"name":"wp","href":"https:\/\/api.w.org\/{rel}","templated":true}]}}