{"id":128179,"date":"2021-09-26T10:42:49","date_gmt":"2021-09-26T14:42:49","guid":{"rendered":"https:\/\/linitiative.ca\/International\/covid-19-dans-lattente-dun-allegement-des-restrictions\/"},"modified":"2021-09-26T10:42:49","modified_gmt":"2021-09-26T14:42:49","slug":"covid-19-dans-lattente-dun-allegement-des-restrictions","status":"publish","type":"post","link":"https:\/\/linitiative.ca\/International\/covid-19-dans-lattente-dun-allegement-des-restrictions\/","title":{"rendered":"Covid-19: Dans l\u2019attente d\u2019un all\u00e8gement des restrictions"},"content":{"rendered":"<div>\n<p class=\"has-text-align-center has-vivid-red-color has-text-color\"><strong>Face \u00e0 l\u2019am\u00e9lioration des indicateurs \u00e9pid\u00e9miologiques<\/strong><\/p>\n<p class=\"has-text-align-right\"><strong>Mohamed Khalil<\/strong><\/p>\n<p class=\"has-drop-cap has-vivid-cyan-blue-color has-text-color\"><strong>Le Maroc vit au rythme du processus \u00e9lectoral depuis pr\u00e8s de 2 mois, au point de rel\u00e9guer \u00e0 l\u2019arri\u00e8re plan et pour longtemps la question de la pand\u00e9mie et la situation \u00e9pid\u00e9miologique. Vacance de l\u2019Ex\u00e9cutif et du L\u00e9gislatif oblige, les pouvoirs publics ciblent, cependant, l\u2019immunit\u00e9 collective avec la vaccination en cours des \u00e9l\u00e8ves \u00e2g\u00e9s de 12 \u00e0 17 ans.<\/strong><\/p>\n<p>Heureusement que les experts et les scientifiques sont rest\u00e9s, toutefois alertes, et tentent d\u2019informer sur l\u2019\u00e9volution de la pand\u00e9mie, faisant ainsi preuve d\u2019un suivi honorable. Retour sur une situation \u00e9pid\u00e9miologique qui s\u2019am\u00e9liore nettement, en attendant l\u2019assouplissement des restrictions sanitaires et le retour \u00e0 la vie normale.<\/p>\n<p>Les scientifiques et experts le confirment. Le virus circule beaucoup moins qu\u2019il y a un mois et la tendance des infections a pris un trend baissier. Le Maroc passe du rouge \u00e0 l\u2019orange, globalement, avec, sur les 12 r\u00e9gions que\u00a0 le pays compte, au moins 3 sont au vert, 5 sont pass\u00e9es du rouge \u00e0 l\u2019orange ne laissant que 4 seules r\u00e9gions dans la liste A et qui peuvent basculer dans l\u2019orange voire le vert\u2026<\/p>\n<p>Il faudra, d\u2019ailleurs, se r\u00e9jouir que cette am\u00e9lioration est due au fait av\u00e9r\u00e9 que les vaccins ont \u00e9t\u00e9 efficaces pour pr\u00e9venir les formes s\u00e9v\u00e8res de la Covid-19 et de son mutant \u00abdelta\u00bb.<\/p>\n<p class=\"has-vivid-red-color has-text-color\"><strong>La menace s\u2019\u00e9loigne mais gare\u2026<\/strong><\/p>\n<p>C\u2019est ce qui nous a permis d\u2019\u00eatre, pour le moment, loin des rebonds \u00e9pid\u00e9miques mena\u00e7ants, dieu merci. Mais cela nous pousse \u00e0 penser \u00e0 une gestion future, rationnelle et raisonn\u00e9e, de l\u2019\u00e9pid\u00e9mie, qui tient compte de la dimension sociale et de la situation mat\u00e9rielle et psychologique des couches les plus touch\u00e9es par les effets n\u00e9fastes de la pand\u00e9mie\u2026<\/p>\n<p>De plus, depuis quelques jours, une vaste op\u00e9ration de vaccination se d\u00e9roule avec comme cible les enfants \u00e2g\u00e9s de 12-17 ans, soit un peu plus de 2,5 millions d\u2019\u00e9l\u00e8ves. Sachant que l\u2019immunisation des jeunes \u00e9vite \u00e9norm\u00e9ment la contagion des personnes \u00e2g\u00e9es et des personnes \u00e0 risque.<\/p>\n<p>Cet objectif renforcera le chiffre global des vaccin\u00e9s.<\/p>\n<p>Car, valeur de la semaine derni\u00e8re, le nombre de primo-vaccin\u00e9s avait d\u00e9pass\u00e9 les 21millions, avec pr\u00e8s de 18 millions de personnes compl\u00e8tement vaccin\u00e9es (1\u00e8re et 2\u00e8me doses).<\/p>\n<p>Aussi, si l\u2019on tient compte de la cadence de la campagne de vaccination des \u00e9l\u00e8ves, dont le total est estim\u00e9 \u00e0 2,5 millions d\u2019\u00e9l\u00e8ves, l\u2019objectif fix\u00e9 d\u2019ici d\u00e9cembre par le Maroc sera atteint avec une immunit\u00e9 collective de 80% de sa population estim\u00e9e \u00e0 37 millions de personnes. Ainsi l\u2019immunit\u00e9 globale sera atteinte lorsque nous aurons vaccin\u00e9 pr\u00e8s de 29 millions de personnes.<\/p>\n<p>Aussi, tenant compte des autres cat\u00e9gories d\u2019ages qui sont appel\u00e9es \u00e0 se vacciner, il y a lieu de croire que le Maroc fait de grands pas pour atteindre ce seuil, bien avant 2022.<\/p>\n<p class=\"has-vivid-red-color has-text-color\"><strong>Imp\u00e9ratif all\u00e8gement<\/strong><\/p>\n<p>C\u2019est pourquoi il est imp\u00e9ratif pour les pouvoirs publics de proc\u00e9der, rapidement et sans attendre la constitution du nouveau gouvernement, \u00e0 un rel\u00e2chement des mesures sanitaires pour faire profiter le pays de cette p\u00e9riode d\u2019accalmie.<\/p>\n<p>La r\u00e8gle pr\u00e9conis\u00e9e par les virologues dicte qu\u2019il faudra all\u00e9ger les mesures de confinement, quand la circulation du virus est tr\u00e8s faible. C\u2019est le cas, selon nos scientifiques et il faudra savoir aussi enlever certaines mesures de protection, \u00e0 part les gestes barri\u00e8res et les r\u00e8gles d\u2019hygi\u00e8ne.<\/p>\n<p>Et si ailleurs, il faudra pr\u00e9senter un \u00ablaisser-passer\u00bb sous la forme d\u2019un QR code dans les lieux de grande fr\u00e9quentation, ici, chez nous, rien n\u2019en est. On circule partout librement sauf aux barrages de la police et de la gendarmerie o\u00f9 les r\u00e8gles peuvent \u00eatre rappel\u00e9es mais sans grandes contraintes \u00e0 part celle de casquer illico presto des amendes\u2026<\/p>\n<p>Mais cela ne saurait nous priver des r\u00e8gles de pr\u00e9caution et de pr\u00e9vention sanitaires.<\/p>\n<p>Il faut donc esp\u00e9rer que les prochains jours seront porteurs d\u2019un espoir de fin du couvre feu et de la reprise des petits m\u00e9tiers, dont ceux des bains maures \u2013hamams-, des secteurs de la restauration, du tourisme, du transport\u2026<\/p>\n<p>Car c\u2019est tout un pan de cat\u00e9gories sociales que la pand\u00e9mie a gravement impact\u00e9 dans leurs vies et revenus et se sont retrouv\u00e9s, sans aucune aide de l\u2019Etat.<\/p>\n<p>L\u2019article <a rel=\"nofollow\" href=\"http:\/\/albayane.press.ma\/covid-19-dans-lattente-dun-allegement-des-restrictions.html\">Covid-19: Dans l\u2019attente d\u2019un all\u00e8gement des restrictions<\/a> est apparu en premier sur <a rel=\"nofollow\" href=\"http:\/\/albayane.press.ma\/\">ALBAYANE<\/a>.<\/p>\n<\/div>\n<p>Auteur: M&rsquo;hammed rahal<br \/>\n<a href=\"http:\/\/albayane.press.ma\/covid-19-dans-lattente-dun-allegement-des-restrictions.html\">Cliquez ici pour lire l&rsquo;article depuis sa source.<\/a><\/p>\n","protected":false},"excerpt":{"rendered":"<p>Face \u00e0 l\u2019am\u00e9lioration des indicateurs \u00e9pid\u00e9miologiques Mohamed Khalil Le Maroc vit au rythme du processus \u00e9lectoral depuis pr\u00e8s de 2 mois, au point de rel\u00e9guer \u00e0 l\u2019arri\u00e8re plan et pour longtemps la question de la pand\u00e9mie et la situation \u00e9pid\u00e9miologique. Vacance de l\u2019Ex\u00e9cutif et du L\u00e9gislatif oblige, les pouvoirs publics ciblent, cependant, l\u2019immunit\u00e9 collective avec [&hellip;]<\/p>\n","protected":false},"author":1760,"featured_media":0,"comment_status":"closed","ping_status":"closed","sticky":false,"template":"","format":"standard","meta":{"fifu_image_url":"","fifu_image_alt":"","footnotes":""},"categories":[73,54],"tags":[],"class_list":["post-128179","post","type-post","status-publish","format-standard","hentry","category-actualite","category-maroc"],"_links":{"self":[{"href":"https:\/\/linitiative.ca\/International\/wp-json\/wp\/v2\/posts\/128179","targetHints":{"allow":["GET"]}}],"collection":[{"href":"https:\/\/linitiative.ca\/International\/wp-json\/wp\/v2\/posts"}],"about":[{"href":"https:\/\/linitiative.ca\/International\/wp-json\/wp\/v2\/types\/post"}],"author":[{"embeddable":true,"href":"https:\/\/linitiative.ca\/International\/wp-json\/wp\/v2\/users\/1760"}],"replies":[{"embeddable":true,"href":"https:\/\/linitiative.ca\/International\/wp-json\/wp\/v2\/comments?post=128179"}],"version-history":[{"count":0,"href":"https:\/\/linitiative.ca\/International\/wp-json\/wp\/v2\/posts\/128179\/revisions"}],"wp:attachment":[{"href":"https:\/\/linitiative.ca\/International\/wp-json\/wp\/v2\/media?parent=128179"}],"wp:term":[{"taxonomy":"category","embeddable":true,"href":"https:\/\/linitiative.ca\/International\/wp-json\/wp\/v2\/categories?post=128179"},{"taxonomy":"post_tag","embeddable":true,"href":"https:\/\/linitiative.ca\/International\/wp-json\/wp\/v2\/tags?post=128179"}],"curies":[{"name":"wp","href":"https:\/\/api.w.org\/{rel}","templated":true}]}}