{"id":128180,"date":"2021-09-26T10:49:13","date_gmt":"2021-09-26T14:49:13","guid":{"rendered":"https:\/\/linitiative.ca\/International\/italie-interpellation-du-leader-independantiste-catalan-carles-puigdemont\/"},"modified":"2021-09-26T10:49:13","modified_gmt":"2021-09-26T14:49:13","slug":"italie-interpellation-du-leader-independantiste-catalan-carles-puigdemont","status":"publish","type":"post","link":"https:\/\/linitiative.ca\/International\/italie-interpellation-du-leader-independantiste-catalan-carles-puigdemont\/","title":{"rendered":"Italie : Interpellation du leader ind\u00e9pendantiste catalan Carles Puigdemont"},"content":{"rendered":"<div>\n<p class=\"has-text-align-center has-vivid-red-color has-text-color\"><strong>Attendons pour voir\u2026<\/strong><\/p>\n<p class=\"has-vivid-cyan-blue-color has-text-color\"><strong>Quatre ans apr\u00e8s avoir fui son pays pour \u00e9chapper \u00e0 la justice suite \u00e0 sa tentative de s\u00e9cession d\u2019Octobre 2017, Carles Puigdemont, l\u2019ancien pr\u00e9sident du gouvernement de Catalogne, qui est sous le coup d\u2019un mandat d\u2019arr\u00eat europ\u00e9en \u00e9mis par la justice espagnole pour \u00abs\u00e9dition\u00bb et \u00abmalversations financi\u00e8res\u00bb et dont l\u2019immunit\u00e9 parlementaire avait \u00e9t\u00e9 lev\u00e9e en mars, a \u00e9t\u00e9 arr\u00eat\u00e9, par la police italienne, d\u00e8s son arriv\u00e9e, jeudi soir,\u00a0 \u00e0 l\u2019a\u00e9roport d\u2019Alghero en Sardaigne o\u00f9 il \u00e9tait venu pour participer, \u00e0 l\u2019instar de plusieurs responsables de Catalogne, \u00e0 la 33\u00e8me \u00e9dition du Festival international de la culture catalane (Adifok).<\/strong><\/p>\n<p>Transf\u00e9r\u00e9, dans la nuit, \u00e0 la prison de Bancali, l\u2019ancien dirigeant catalan devait compara\u00eetre, devant la Cour d\u2019appel de Sassari le lendemain dans la matin\u00e9e pour que celle-ci d\u00e9cide s\u2019il y a lieu de r\u00e9pondre favorablement \u00e0 la demande d\u2019extradition le concernant formul\u00e9e par la justice espagnole ou de le remettre en libert\u00e9 du moment qu\u2019aux dires de son avocat Gonzalo Boye, le mandat d\u2019arr\u00eat europ\u00e9en \u00e9mis \u00e0 son encontre est \u00ab suspendu \u00bb de fait d\u00e8s lors que la lev\u00e9e de son immunit\u00e9 a fait l\u2019objet d\u2019un recours devant la Cour de justice de l\u2019Union europ\u00e9enne.<\/p>\n<p>Mais si, apr\u00e8s cette arrestation, le chef du gouvernement espagnol, le socialiste Pedro Sanchez, d\u2019ordinaire tr\u00e8s bavard sur les r\u00e9seaux sociaux, n\u2019a pas \u00abpip\u00e9 mot\u00bb et laiss\u00e9 le soin au secr\u00e9tariat d\u2019Etat \u00e0 la communication, de rappeler, dans un communiqu\u00e9, que \u00ab la d\u00e9tention de M. Puigdemont ob\u00e9it \u00e0 une proc\u00e9dure judiciaire en cours qui s\u2019applique \u00e0 tout citoyen de l\u2019Union europ\u00e9enne qui doit r\u00e9pondre de ses actes devant les tribunaux \u00bb, l\u2019ancien pr\u00e9sident catalan, Quim Torra, a estim\u00e9 qu\u2019une \u00e9ventuelle extradition du leader ind\u00e9pendantiste catalan serait \u00abcatastrophique\u00bb. Raison pour laquelle ce dernier a appel\u00e9 ses compatriotes catalans a \u00eatre en \u00ab alerte maximale \u00bb alors que l\u2019Assembl\u00e9e nationale catalane les a invit\u00e9s \u00e0 manifester devant le consulat italien de Barcelone, le lendemain vendredi \u00e0 partir de 9 heures du matin.<\/p>\n<p>Mais \u00e0 l\u2019issue de la comparution, vendredi apr\u00e8s-midi, du leader ind\u00e9pendantiste catalan, en visio-conf\u00e9rence, devant un juge du tribunal de Sassari, son avocat a annonc\u00e9 que le juge Plinia Azzena, de la Cour d\u2019Appel de Sassari a d\u00e9cid\u00e9 de le lib\u00e9rer et de lui d\u00e9livrer l\u2019autorisation de quitter l\u2019Italie.<\/p>\n<p>Persuad\u00e9s que le mandat d\u2019arr\u00eat europ\u00e9en \u00ab suspendu de fait \u00bb par la justice europ\u00e9enne rend\u00a0 ill\u00e9gale l\u2019arrestation de Carles Puigdemont, les ind\u00e9pendantistes restent confiants quand bien m\u00eame la Cour supr\u00eame espagnol, qui est d\u2019un tout autre avis, aurait confirm\u00e9 \u00e0 la justice italienne que ce mandat est toujours en vigueur.<\/p>\n<p>C\u2019est donc en \u00e9tant \u00ab s\u00fbr de son bon droit \u00bb que le leader ind\u00e9pendantiste a accept\u00e9 de se pr\u00e9senter, \u00e0 nouveau, devant la justice italienne le 4 octobre prochain \u00e0 l\u2019audience coll\u00e9giale au cours de laquelle cette derni\u00e8re sera appel\u00e9e \u00e0 se prononcer sur la demande d\u2019extradition qui a \u00e9t\u00e9 formul\u00e9e par le Tribunal supr\u00eame espagnol.<\/p>\n<p>Mais bien que le gouvernement socialiste de Pedro Sanchez ait exprim\u00e9 son \u00abrespect pour les d\u00e9cisions des autorit\u00e9s italiennes\u00bb, l\u2019Italie se voit tellement embarrass\u00e9e par cette affaire que, pour \u00e9viter toute pol\u00e9mique politique, Marta Catarbia, la ministre de la Justice, a cru bon de pr\u00e9ciser que \u00abseule la magistrature est comp\u00e9tente\u00bb.<\/p>\n<p>Alors, qu\u2019en sera-t-il apr\u00e8s le 4 Octobre ? Attendons pour voir\u2026<\/p>\n<p class=\"has-text-align-right\"><strong>Nabil El Bousaadi<\/strong><\/p>\n<p>L\u2019article <a rel=\"nofollow\" href=\"http:\/\/albayane.press.ma\/italie-interpellation-du-leader-independantiste-catalan-carles-puigdemont.html\">Italie : Interpellation du leader ind\u00e9pendantiste catalan Carles Puigdemont<\/a> est apparu en premier sur <a rel=\"nofollow\" href=\"http:\/\/albayane.press.ma\/\">ALBAYANE<\/a>.<\/p>\n<\/div>\n<p>Auteur: M&rsquo;hammed rahal<br \/>\n<a href=\"http:\/\/albayane.press.ma\/italie-interpellation-du-leader-independantiste-catalan-carles-puigdemont.html\">Cliquez ici pour lire l&rsquo;article depuis sa source.<\/a><\/p>\n","protected":false},"excerpt":{"rendered":"<p>Attendons pour voir\u2026 Quatre ans apr\u00e8s avoir fui son pays pour \u00e9chapper \u00e0 la justice suite \u00e0 sa tentative de s\u00e9cession d\u2019Octobre 2017, Carles Puigdemont, l\u2019ancien pr\u00e9sident du gouvernement de Catalogne, qui est sous le coup d\u2019un mandat d\u2019arr\u00eat europ\u00e9en \u00e9mis par la justice espagnole pour \u00abs\u00e9dition\u00bb et \u00abmalversations financi\u00e8res\u00bb et dont l\u2019immunit\u00e9 parlementaire avait [&hellip;]<\/p>\n","protected":false},"author":1760,"featured_media":0,"comment_status":"closed","ping_status":"closed","sticky":false,"template":"","format":"standard","meta":{"fifu_image_url":"","fifu_image_alt":"","footnotes":""},"categories":[73,54],"tags":[],"class_list":["post-128180","post","type-post","status-publish","format-standard","hentry","category-actualite","category-maroc"],"_links":{"self":[{"href":"https:\/\/linitiative.ca\/International\/wp-json\/wp\/v2\/posts\/128180","targetHints":{"allow":["GET"]}}],"collection":[{"href":"https:\/\/linitiative.ca\/International\/wp-json\/wp\/v2\/posts"}],"about":[{"href":"https:\/\/linitiative.ca\/International\/wp-json\/wp\/v2\/types\/post"}],"author":[{"embeddable":true,"href":"https:\/\/linitiative.ca\/International\/wp-json\/wp\/v2\/users\/1760"}],"replies":[{"embeddable":true,"href":"https:\/\/linitiative.ca\/International\/wp-json\/wp\/v2\/comments?post=128180"}],"version-history":[{"count":0,"href":"https:\/\/linitiative.ca\/International\/wp-json\/wp\/v2\/posts\/128180\/revisions"}],"wp:attachment":[{"href":"https:\/\/linitiative.ca\/International\/wp-json\/wp\/v2\/media?parent=128180"}],"wp:term":[{"taxonomy":"category","embeddable":true,"href":"https:\/\/linitiative.ca\/International\/wp-json\/wp\/v2\/categories?post=128180"},{"taxonomy":"post_tag","embeddable":true,"href":"https:\/\/linitiative.ca\/International\/wp-json\/wp\/v2\/tags?post=128180"}],"curies":[{"name":"wp","href":"https:\/\/api.w.org\/{rel}","templated":true}]}}