{"id":128181,"date":"2021-09-26T10:53:38","date_gmt":"2021-09-26T14:53:38","guid":{"rendered":"https:\/\/linitiative.ca\/International\/angela-merkel-sapprete-a-quitter-la-scene\/"},"modified":"2021-09-26T10:53:38","modified_gmt":"2021-09-26T14:53:38","slug":"angela-merkel-sapprete-a-quitter-la-scene","status":"publish","type":"post","link":"https:\/\/linitiative.ca\/International\/angela-merkel-sapprete-a-quitter-la-scene\/","title":{"rendered":"Angela Merkel s\u2019appr\u00eate \u00e0 quitter la sc\u00e8ne"},"content":{"rendered":"<div>\n<p class=\"has-text-align-center has-vivid-red-color has-text-color\"><strong>L\u2019inoxydable chanceli\u00e8re allemande<\/strong><\/p>\n<p class=\"has-text-color\" style=\"color:#0626e5\"><strong>Seize ann\u00e9es au pouvoir et une popularit\u00e9 \u00abinoxydable\u00bb: Angela Merkel s\u2019appr\u00eate \u00e0 quitter la chancellerie en laissant un grand vide dans le monde, o\u00f9 elle a incarn\u00e9 valeurs et sens du compromis, mais \u00e9t\u00e9 aussi critiqu\u00e9e pour son manque de vision.<\/strong><\/p>\n<p>A 67 ans, elle a d\u00e9cid\u00e9 de prendre sa retraite politique apr\u00e8s les l\u00e9gislatives de dimanche, d\u00e8s que le prochain gouvernement aura pu \u00eatre constitu\u00e9.<\/p>\n<p>Avec 16 ans dans les murs de la chancellerie \u00e0 Berlin, elle a \u00e9gal\u00e9, \u00e0 quelques semaines pr\u00e8s, le record de son mentor Helmut Kohl. Et figure parmi les chefs de gouvernements de pays d\u00e9mocratiques qui peuvent se pr\u00e9valoir de la plus grande long\u00e9vit\u00e9 au pouvoir.<\/p>\n<p>En Allemagne, les jeunes qui vont voter pour la premi\u00e8re fois dimanche n\u2019ont connu qu\u2019elle \u00e0 la t\u00eate du gouvernement. On les appelle la \u00abg\u00e9n\u00e9ration Merkel\u00bb. Celle qui aura \u00e9t\u00e9 \u00e9lue 31 ann\u00e9es durant au Bundestag se voit affubl\u00e9e en retour du surnom de \u00abMutti\u00bb (Maman) par l\u2019opinion.<\/p>\n<p>Malgr\u00e9 l\u2019usure du temps, elle peut se targuer d\u2019une popularit\u00e9 au firmament. Selon une r\u00e9cente enqu\u00eate de l\u2019institut Pew, elle jouit \u00e0 l\u2019international d\u2019une cote de confiance de 72%, proche de celle de Joe Biden.<\/p>\n<p>Qu\u2019elle semble loin cette ann\u00e9e 2019, lorsque la chanceli\u00e8re, \u00e0 la t\u00eate d\u2019une grande coalition droite-gauche \u00e0 bout de souffle, paraissait d\u00e9pass\u00e9e par la mobilisation de la jeunesse pour le climat.<\/p>\n<p>Comme un symbole du cr\u00e9puscule de son r\u00e8gne, Mme Merkel avait \u00e9t\u00e9 victime de spectaculaires crises de tremblements lors de c\u00e9r\u00e9monies officielles, faisant na\u00eetre des interrogations sur la capacit\u00e9 d\u2019une chanceli\u00e8re r\u00e9put\u00e9e \u00abpresque infatigable\u00bb \u00e0 achever son quatri\u00e8me et dernier mandat.<\/p>\n<p>Mais la pand\u00e9mie de coronavirus a totalement rebattu les cartes. Les trois quarts des Allemands se disent satisfaits de son action \u00e0 la t\u00eate de l\u2019Allemagne, selon les sondages.<\/p>\n<p>Des voix se sont m\u00eame \u00e9lev\u00e9es durant la pand\u00e9mie pour r\u00e9clamer un cinqui\u00e8me mandat, ce que la chanceli\u00e8re, premi\u00e8re femme \u00e0 diriger l\u2019Allemagne, a fermement \u00e9cart\u00e9.<\/p>\n<p>Face au Covid-19, cette scientifique de formation a r\u00e9alis\u00e9 un quasi sans-faute, privil\u00e9giant p\u00e9dagogie et d\u00e9monstrations rationnelles aux postures lyriques.<\/p>\n<p>Le confinement, qui a rappel\u00e9 \u00e0 Mme Merkel sa vie dans l\u2019ancienne Allemagne de l\u2019Est communiste, a constitu\u00e9, de son propre aveu, \u00abune des d\u00e9cisions les plus difficiles\u00bb en 16 ans de pouvoir.<\/p>\n<p>Avec \u00e0 la cl\u00e9 une situation moins dramatique que nombre de voisins europ\u00e9ens malgr\u00e9 une deuxi\u00e8me vague meurtri\u00e8re \u00e0 l\u2019automne 2020.<\/p>\n<p>La pand\u00e9mie et ses cons\u00e9quences ont aussi livr\u00e9 une nouvelle d\u00e9monstration de son pragmatisme, sa capacit\u00e9 \u00e0 changer de position pour faire descendre la temp\u00e9rature, pass\u00e9 \u00e0 la post\u00e9rit\u00e9 sous le nom de \u00abmerk\u00e9lisme\u00bb.<\/p>\n<p>Championne de l\u2019aust\u00e9rit\u00e9 europ\u00e9enne apr\u00e8s la crise financi\u00e8re de 2008, au risque d\u2019asphyxier la Gr\u00e8ce, Mme Merkel s\u2019est en effet convertie depuis un an et demi \u00e0 la relance budg\u00e9taire europ\u00e9enne et \u00e0 la mutualisation de dettes, seules \u00e0 m\u00eame selon elle de sauver le projet europ\u00e9en.<\/p>\n<p>En 2011, c\u2019est la catastrophe nucl\u00e9aire de Fukushima qui l\u2019avait convaincue en quelques jours d\u2019enclencher le retrait progressif de l\u2019Allemagne de l\u2019\u00e9nergie nucl\u00e9aire.<\/p>\n<p>Mais sa prise de risque historique intervient \u00e0 l\u2019automne 2015, lorsque Angela Merkel d\u00e9cide d\u2019ouvrir son pays \u00e0 des centaines de milliers de demandeurs d\u2019asile syriens et irakiens.<\/p>\n<p>Malgr\u00e9 les inqui\u00e9tudes de l\u2019opinion, elle promet de les int\u00e9grer et de les prot\u00e9ger. \u00abNous y arriverons!\u00bb, assure-t-elle. Peut-\u00eatre la phrase la plus marquante prononc\u00e9e au pouvoir par Mme Merkel, r\u00e9tive aux discours enflamm\u00e9s.<\/p>\n<p>Jusqu\u2019alors, celle qui porte toujours le nom de son premier mari, avait toujours cultiv\u00e9 une image de femme prudente voire froide, sans asp\u00e9rit\u00e9s, aimant les pommes de terre, l\u2019op\u00e9ra et la randonn\u00e9e.<\/p>\n<p>Pour expliquer sa d\u00e9cision sur les migrants, prise sans vraiment consulter ses partenaires europ\u00e9ens, elle avait \u00e9voqu\u00e9 ses \u00abvaleurs chr\u00e9tiennes\u00bb et un certain devoir d\u2019exemplarit\u00e9 d\u2019un pays qui porte la responsabilit\u00e9 de l\u2019Holocauste.<\/p>\n<p>Cette charit\u00e9 chr\u00e9tienne, celle qui est n\u00e9e le 17 juillet 1954 sous le nom d\u2019Angela Kasner la tient de son p\u00e8re, un pasteur parti volontairement vivre avec toute sa famille dans l\u2019Allemagne de l\u2019Est communiste et ath\u00e9e pour pr\u00eacher l\u2019\u00e9vangile.<\/p>\n<p>\u00abMon h\u00e9ritage m\u2019a fa\u00e7onn\u00e9e, notamment l\u2019aspiration \u00e0 la libert\u00e9 pendant ma vie en RDA\u00bb, avait-elle confi\u00e9 lors du 30e anniversaire de la r\u00e9unification.<\/p>\n<p>Mais la crise migratoire inqui\u00e8te, la peur de l\u2019islam et des attentats s\u2019installent, et l\u2019\u00e9lectorat conservateur se d\u00e9tourne en partie vers l\u2019extr\u00eame droite. Un tabou se brise en Allemagne. Elle en est rendue responsable.<\/p>\n<p>Angela Merkel a toutefois toujours assum\u00e9 sa d\u00e9cision et, apr\u00e8s l\u2019irruption de Donald Trump et le Brexit, elle se voit proclam\u00e9e \u00ableader du monde libre\u00bb dans un contexte de mont\u00e9e des populismes.<\/p>\n<p>Barack Obama, un des quatre pr\u00e9sidents am\u00e9ricains qu\u2019elle aura connus depuis 2005, la d\u00e9crit dans ses M\u00e9moires comme une dirigeante \u00abfiable, honn\u00eate, intellectuellement pr\u00e9cise\u00bb, une \u00abbelle personne\u00bb.<\/p>\n<p>La \u00abchanceli\u00e8re t\u00e9flon\u00bb, sur qui les probl\u00e8mes glissent, reste un animal politique aussi singulier que redoutable, sous-estim\u00e9e par ses adversaires.<\/p>\n<p>En 2000, c\u2019est en profitant d\u2019un scandale financier au sein de son parti qu\u2019elle prend les r\u00eanes de son parti de centre-droit, l\u2019Union chr\u00e9tienne-d\u00e9mocrate. La d\u00e9butante sans charisme marginalise ensuite tous les hi\u00e9rarques masculins qui lui font de l\u2019ombre.<\/p>\n<p>Le 18 septembre 2005, c\u2019est face au chancelier social-d\u00e9mocrate Gerhard Schr\u00f6der qu\u2019elle arrache une victoire \u00e9lectorale sur le fil. Un premier succ\u00e8s aux \u00e9lections g\u00e9n\u00e9rales, suivi de trois autres en 2009, 2013 et 2017.<\/p>\n<p>R\u00e9cemment, elle avait confi\u00e9 se retirer avec pour seule ambition: qu\u2019on ne dise pas d\u2019elle qu\u2019elle \u00e9tait \u00abparesseuse\u00bb.<\/p>\n<p>L\u2019article <a rel=\"nofollow\" href=\"http:\/\/albayane.press.ma\/angela-merkel-sapprete-a-quitter-la-scene.html\">Angela Merkel s\u2019appr\u00eate \u00e0 quitter la sc\u00e8ne<\/a> est apparu en premier sur <a rel=\"nofollow\" href=\"http:\/\/albayane.press.ma\/\">ALBAYANE<\/a>.<\/p>\n<\/div>\n<p>Auteur: M&rsquo;hammed rahal<br \/>\n<a href=\"http:\/\/albayane.press.ma\/angela-merkel-sapprete-a-quitter-la-scene.html\">Cliquez ici pour lire l&rsquo;article depuis sa source.<\/a><\/p>\n","protected":false},"excerpt":{"rendered":"<p>L\u2019inoxydable chanceli\u00e8re allemande Seize ann\u00e9es au pouvoir et une popularit\u00e9 \u00abinoxydable\u00bb: Angela Merkel s\u2019appr\u00eate \u00e0 quitter la chancellerie en laissant un grand vide dans le monde, o\u00f9 elle a incarn\u00e9 valeurs et sens du compromis, mais \u00e9t\u00e9 aussi critiqu\u00e9e pour son manque de vision. A 67 ans, elle a d\u00e9cid\u00e9 de prendre sa retraite politique [&hellip;]<\/p>\n","protected":false},"author":1760,"featured_media":0,"comment_status":"closed","ping_status":"closed","sticky":false,"template":"","format":"standard","meta":{"fifu_image_url":"","fifu_image_alt":"","footnotes":""},"categories":[73,54],"tags":[],"class_list":["post-128181","post","type-post","status-publish","format-standard","hentry","category-actualite","category-maroc"],"_links":{"self":[{"href":"https:\/\/linitiative.ca\/International\/wp-json\/wp\/v2\/posts\/128181","targetHints":{"allow":["GET"]}}],"collection":[{"href":"https:\/\/linitiative.ca\/International\/wp-json\/wp\/v2\/posts"}],"about":[{"href":"https:\/\/linitiative.ca\/International\/wp-json\/wp\/v2\/types\/post"}],"author":[{"embeddable":true,"href":"https:\/\/linitiative.ca\/International\/wp-json\/wp\/v2\/users\/1760"}],"replies":[{"embeddable":true,"href":"https:\/\/linitiative.ca\/International\/wp-json\/wp\/v2\/comments?post=128181"}],"version-history":[{"count":0,"href":"https:\/\/linitiative.ca\/International\/wp-json\/wp\/v2\/posts\/128181\/revisions"}],"wp:attachment":[{"href":"https:\/\/linitiative.ca\/International\/wp-json\/wp\/v2\/media?parent=128181"}],"wp:term":[{"taxonomy":"category","embeddable":true,"href":"https:\/\/linitiative.ca\/International\/wp-json\/wp\/v2\/categories?post=128181"},{"taxonomy":"post_tag","embeddable":true,"href":"https:\/\/linitiative.ca\/International\/wp-json\/wp\/v2\/tags?post=128181"}],"curies":[{"name":"wp","href":"https:\/\/api.w.org\/{rel}","templated":true}]}}