{"id":128184,"date":"2021-09-26T07:00:00","date_gmt":"2021-09-26T11:00:00","guid":{"rendered":"https:\/\/linitiative.ca\/International\/pris-au-piege-entre-pauvrete-guerilleros-et-narcos\/"},"modified":"2021-09-26T07:00:00","modified_gmt":"2021-09-26T11:00:00","slug":"pris-au-piege-entre-pauvrete-guerilleros-et-narcos","status":"publish","type":"post","link":"https:\/\/linitiative.ca\/International\/pris-au-piege-entre-pauvrete-guerilleros-et-narcos\/","title":{"rendered":"Pris au pi\u00e8ge entre pauvret\u00e9, gu\u00e9rill\u00e9ros et narcos"},"content":{"rendered":"<div>Dans les villages recul\u00e9s, les paysans, qui se disent totalement abandonn\u00e9s par l\u2019\u00c9tat, assurent n\u2019avoir pas d\u2019autre choix que de cultiver la coca, seule culture \u00e0 m\u00eame de leur assurer un revenu.<\/div>\n<p>Auteur:<br \/>\n<a href=\"https:\/\/www.liberte-algerie.com\/magazine\/pris-au-piege-entre-pauvrete-guerilleros-et-narcos-365570\">Cliquez ici pour lire l&rsquo;article depuis sa source.<\/a><\/p>\n","protected":false},"excerpt":{"rendered":"<p>Dans les villages recul\u00e9s, les paysans, qui se disent totalement abandonn\u00e9s par l\u2019\u00c9tat, assurent n\u2019avoir pas d\u2019autre choix que de cultiver la coca, seule culture \u00e0 m\u00eame de leur assurer un revenu. Auteur: Cliquez ici pour lire l&rsquo;article depuis sa source.<\/p>\n","protected":false},"author":1742,"featured_media":0,"comment_status":"closed","ping_status":"closed","sticky":false,"template":"","format":"standard","meta":{"fifu_image_url":"","fifu_image_alt":"","footnotes":""},"categories":[73,53],"tags":[],"class_list":["post-128184","post","type-post","status-publish","format-standard","hentry","category-actualite","category-algerie"],"_links":{"self":[{"href":"https:\/\/linitiative.ca\/International\/wp-json\/wp\/v2\/posts\/128184","targetHints":{"allow":["GET"]}}],"collection":[{"href":"https:\/\/linitiative.ca\/International\/wp-json\/wp\/v2\/posts"}],"about":[{"href":"https:\/\/linitiative.ca\/International\/wp-json\/wp\/v2\/types\/post"}],"author":[{"embeddable":true,"href":"https:\/\/linitiative.ca\/International\/wp-json\/wp\/v2\/users\/1742"}],"replies":[{"embeddable":true,"href":"https:\/\/linitiative.ca\/International\/wp-json\/wp\/v2\/comments?post=128184"}],"version-history":[{"count":0,"href":"https:\/\/linitiative.ca\/International\/wp-json\/wp\/v2\/posts\/128184\/revisions"}],"wp:attachment":[{"href":"https:\/\/linitiative.ca\/International\/wp-json\/wp\/v2\/media?parent=128184"}],"wp:term":[{"taxonomy":"category","embeddable":true,"href":"https:\/\/linitiative.ca\/International\/wp-json\/wp\/v2\/categories?post=128184"},{"taxonomy":"post_tag","embeddable":true,"href":"https:\/\/linitiative.ca\/International\/wp-json\/wp\/v2\/tags?post=128184"}],"curies":[{"name":"wp","href":"https:\/\/api.w.org\/{rel}","templated":true}]}}