{"id":128190,"date":"2021-09-26T05:49:01","date_gmt":"2021-09-26T09:49:01","guid":{"rendered":"https:\/\/linitiative.ca\/International\/hausse-de-05-de-lipc-au-cours-du-mois-daout-dernier\/"},"modified":"2021-09-26T05:49:01","modified_gmt":"2021-09-26T09:49:01","slug":"hausse-de-05-de-lipc-au-cours-du-mois-daout-dernier","status":"publish","type":"post","link":"https:\/\/linitiative.ca\/International\/hausse-de-05-de-lipc-au-cours-du-mois-daout-dernier\/","title":{"rendered":"Hausse de 0,5% de l\u2019IPC au cours du mois d\u2019ao\u00fbt dernier"},"content":{"rendered":"<div>\n<div style=\"margin-bottom:20px;\"><img loading=\"lazy\" decoding=\"async\" width=\"750\" height=\"430\" src=\"https:\/\/linitiative.ca\/International\/wp-content\/uploads\/sites\/23\/2021\/09\/fruits-et-lC3A9gumes.jpg\" class=\"attachment-post-thumbnail size-post-thumbnail wp-post-image\" alt=\"\" srcset=\"https:\/\/linitiative.ca\/International\/wp-content\/uploads\/sites\/23\/2021\/09\/fruits-et-lC3A9gumes.jpg 750w, http:\/\/www.mapmarrakech.ma\/map\/uploads\/2021\/08\/fruits-et-l\u00e9gumes-300x172.jpg 300w\" sizes=\"auto, (max-width: 750px) 100vw, 750px\"><\/div>\n<p>Cette variation est le r\u00e9sultat de la hausse de 0,8% de l\u2019indice des produits alimentaires et de 0,3% de l\u2019indice des produits non alimentaires, a indiqu\u00e9 la Direction R\u00e9gionale du Haut Commissariat au Plan (HCP) \u00e0 Marrakech-Safi dans sa note de synth\u00e8se sur l\u2019\u00e9volution de l\u2019IPC dans la ville de Marrakech entre juillet et ao\u00fbt 2021.<\/p>\n<p>Compar\u00e9 au m\u00eame mois de l\u2019ann\u00e9e pr\u00e9c\u00e9dente, l\u2019IPC dans la ville de Marrakech, a enregistr\u00e9 une hausse de 1,7% en passant de 102,6 \u00e0 104,3, cons\u00e9quence de la hausse de l\u2019indice des produits non alimentaires de 2,1% et de celui des produits alimentaires de 1,1%.<\/p>\n<p>Pour ce qui est de l\u2019indice des 08 premiers mois de 2021, il a connu une hausse de 1,2% par rapport \u00e0 la m\u00eame p\u00e9riode de 2020, en passant de 102,0 \u00e0 103,2.<\/p>\n<p>Pour les variations des indices des produits non alimentaires observ\u00e9es entre juillet et ao\u00fbt 2021, l\u2019augmentation a concern\u00e9 principalement les prix des \u00ab\u00a0carburants\u00a0\u00bb avec 1,6%.<\/p>\n<p>Les indices des classes alimentaires ont enregistr\u00e9 entre juillet et ao\u00fbt 2021, une hausse notamment pour les prix des \u00ab\u00a0Pain et C\u00e9r\u00e9ales\u00a0\u00bb avec 4,2%, des \u00ab\u00a0Fruits\u00a0\u00bb avec 3,8%, des \u00ab\u00a0Lait, fromage et \u0153ufs\u00a0\u00bb avec 0,9%, des \u00ab\u00a0Viandes\u00a0\u00bb avec 0,8%, des \u00ab\u00a0huiles et Graisses\u00a0\u00bb avec 0,5 % et du \u00ab\u00a0Sucre, Confiture, Miel, Chocolat et confiseries\u00a0\u00bb avec 0,3%.<\/p>\n<p>En revanche les prix ont diminu\u00e9 de 4,6% pour les \u00abL\u00e9gumes\u00bb, de 2,2% pour les \u00abPoissons et Fruits de Mer\u00bb et de 1,1% pour le \u00abEaux min\u00e9rales, Boissons Rafraichissantes, Jus de Fruits et de L\u00e9gumes \u00bb.<\/p>\n<p>Au niveau national, l\u2019IPC a connu, au cours du mois d\u2019ao\u00fbt 2021, une stagnation par rapport au mois pr\u00e9c\u00e9dent.<\/p>\n<p>Les hausses les plus importantes de l\u2019IPC ont \u00e9t\u00e9 enregistr\u00e9es \u00e0 Agadir avec 1,0%, \u00e0 Al Hoceima avec 0,9%, \u00e0 Errachidia avec 0,6%, \u00e0 Marrakech avec 0,5% et \u00e0 Tanger avec 0,4%.<\/p>\n<p>En revanche, des baisses ont \u00e9t\u00e9 enregistr\u00e9es \u00e0 K\u00e9nitra avec 0,7%, \u00e0 Rabat et Settat avec 0,4% et \u00e0 F\u00e8s et Safi avec 0,2%.<\/p>\n<p>The post <a rel=\"nofollow\" href=\"http:\/\/www.mapmarrakech.ma\/fr\/73353-2\/\">Hausse de 0,5% de l\u2019IPC au cours du mois d\u2019ao\u00fbt dernier<\/a> appeared first on <a rel=\"nofollow\" href=\"http:\/\/www.mapmarrakech.ma\/fr\">MapMarrakech<\/a>.<\/p>\n<\/div>\n<p>Auteur: Meriem IGASS<br \/>\n<a href=\"http:\/\/www.mapmarrakech.ma\/fr\/73353-2\/\">Cliquez ici pour lire l&rsquo;article depuis sa source.<\/a><\/p>\n","protected":false},"excerpt":{"rendered":"<p>Cette variation est le r\u00e9sultat de la hausse de 0,8% de l\u2019indice des produits alimentaires et de 0,3% de l\u2019indice des produits non alimentaires, a indiqu\u00e9 la Direction R\u00e9gionale du Haut Commissariat au Plan (HCP) \u00e0 Marrakech-Safi dans sa note de synth\u00e8se sur l\u2019\u00e9volution de l\u2019IPC dans la ville de Marrakech entre juillet et ao\u00fbt [&hellip;]<\/p>\n","protected":false},"author":1788,"featured_media":0,"comment_status":"closed","ping_status":"closed","sticky":false,"template":"","format":"standard","meta":{"fifu_image_url":"http:\/\/www.mapmarrakech.ma\/map\/uploads\/2021\/08\/fruits-et-l\u00e9gumes.jpg","fifu_image_alt":"Hausse de 0,5% de l\u2019IPC au cours du mois d\u2019ao\u00fbt dernier","footnotes":""},"categories":[54,76],"tags":[],"class_list":["post-128190","post","type-post","status-publish","format-standard","hentry","category-maroc","category-regions"],"_links":{"self":[{"href":"https:\/\/linitiative.ca\/International\/wp-json\/wp\/v2\/posts\/128190","targetHints":{"allow":["GET"]}}],"collection":[{"href":"https:\/\/linitiative.ca\/International\/wp-json\/wp\/v2\/posts"}],"about":[{"href":"https:\/\/linitiative.ca\/International\/wp-json\/wp\/v2\/types\/post"}],"author":[{"embeddable":true,"href":"https:\/\/linitiative.ca\/International\/wp-json\/wp\/v2\/users\/1788"}],"replies":[{"embeddable":true,"href":"https:\/\/linitiative.ca\/International\/wp-json\/wp\/v2\/comments?post=128190"}],"version-history":[{"count":0,"href":"https:\/\/linitiative.ca\/International\/wp-json\/wp\/v2\/posts\/128190\/revisions"}],"wp:attachment":[{"href":"https:\/\/linitiative.ca\/International\/wp-json\/wp\/v2\/media?parent=128190"}],"wp:term":[{"taxonomy":"category","embeddable":true,"href":"https:\/\/linitiative.ca\/International\/wp-json\/wp\/v2\/categories?post=128190"},{"taxonomy":"post_tag","embeddable":true,"href":"https:\/\/linitiative.ca\/International\/wp-json\/wp\/v2\/tags?post=128190"}],"curies":[{"name":"wp","href":"https:\/\/api.w.org\/{rel}","templated":true}]}}