{"id":128197,"date":"2021-09-26T06:25:32","date_gmt":"2021-09-26T10:25:32","guid":{"rendered":"https:\/\/linitiative.ca\/International\/espagne-le-pp-et-vox-portent-laffaire-brahim-ghali-au-congres\/"},"modified":"2021-09-26T06:25:32","modified_gmt":"2021-09-26T10:25:32","slug":"espagne-le-pp-et-vox-portent-laffaire-brahim-ghali-au-congres","status":"publish","type":"post","link":"https:\/\/linitiative.ca\/International\/espagne-le-pp-et-vox-portent-laffaire-brahim-ghali-au-congres\/","title":{"rendered":"Espagne: Le PP et Vox portent l&rsquo;affaire Brahim Ghali au Congr\u00e8s"},"content":{"rendered":"<div>\n<div class=\"field field-name-body field-type-text-with-summary field-label-hidden\">\n<div class=\"field-items\">\n<div class=\"field-item even\" property=\"content:encoded\">\n<p class=\"rtejustify\">L\u2019entr\u00e9e de Brahim Ghali en Espagne sous une fausse identit\u00e9 continue de faire des vagues. Apr\u00e8s le d\u00e9part de la ministre des Affaires \u00e9trang\u00e8res, Arancha Gonzalez-Laya, deux formations politiques veulent porter l\u2019affaire au Congr\u00e8s. Le Parti populaire (PP) et Vox veulent profiter de la s\u00e9ance de contr\u00f4le au gouvernement au Congr\u00e8s mercredi prochain pour exiger des comptes au nouveau ministre des Affaires \u00e9trang\u00e8res, Jos\u00e9 Manuel Albares, sur l&rsquo;affaire Ghali, rapporte la presse espagnole.<\/p>\n<\/div>\n<\/div>\n<\/div>\n<\/div>\n<p>Auteur: hgueye<br \/>\n<a href=\"https:\/\/www.leconomiste.com\/flash-infos\/espagne-le-pp-et-vox-portent-l-affaire-brahim-ghali-au-congres\">Cliquez ici pour lire l&rsquo;article depuis sa source.<\/a><\/p>\n","protected":false},"excerpt":{"rendered":"<p>L\u2019entr\u00e9e de Brahim Ghali en Espagne sous une fausse identit\u00e9 continue de faire des vagues. Apr\u00e8s le d\u00e9part de la ministre des Affaires \u00e9trang\u00e8res, Arancha Gonzalez-Laya, deux formations politiques veulent porter l\u2019affaire au Congr\u00e8s. Le Parti populaire (PP) et Vox veulent profiter de la s\u00e9ance de contr\u00f4le au gouvernement au Congr\u00e8s mercredi prochain pour exiger [&hellip;]<\/p>\n","protected":false},"author":1763,"featured_media":0,"comment_status":"closed","ping_status":"closed","sticky":false,"template":"","format":"standard","meta":{"fifu_image_url":"","fifu_image_alt":"","footnotes":""},"categories":[78,54],"tags":[],"class_list":["post-128197","post","type-post","status-publish","format-standard","hentry","category-economie","category-maroc"],"_links":{"self":[{"href":"https:\/\/linitiative.ca\/International\/wp-json\/wp\/v2\/posts\/128197","targetHints":{"allow":["GET"]}}],"collection":[{"href":"https:\/\/linitiative.ca\/International\/wp-json\/wp\/v2\/posts"}],"about":[{"href":"https:\/\/linitiative.ca\/International\/wp-json\/wp\/v2\/types\/post"}],"author":[{"embeddable":true,"href":"https:\/\/linitiative.ca\/International\/wp-json\/wp\/v2\/users\/1763"}],"replies":[{"embeddable":true,"href":"https:\/\/linitiative.ca\/International\/wp-json\/wp\/v2\/comments?post=128197"}],"version-history":[{"count":0,"href":"https:\/\/linitiative.ca\/International\/wp-json\/wp\/v2\/posts\/128197\/revisions"}],"wp:attachment":[{"href":"https:\/\/linitiative.ca\/International\/wp-json\/wp\/v2\/media?parent=128197"}],"wp:term":[{"taxonomy":"category","embeddable":true,"href":"https:\/\/linitiative.ca\/International\/wp-json\/wp\/v2\/categories?post=128197"},{"taxonomy":"post_tag","embeddable":true,"href":"https:\/\/linitiative.ca\/International\/wp-json\/wp\/v2\/tags?post=128197"}],"curies":[{"name":"wp","href":"https:\/\/api.w.org\/{rel}","templated":true}]}}