{"id":128198,"date":"2021-09-26T08:04:00","date_gmt":"2021-09-26T12:04:00","guid":{"rendered":"https:\/\/linitiative.ca\/International\/xlinks-veut-relier-le-maroc-au-royaume-uni-par-cables-electriques-sous-marins\/"},"modified":"2021-09-26T08:04:00","modified_gmt":"2021-09-26T12:04:00","slug":"xlinks-veut-relier-le-maroc-au-royaume-uni-par-cables-electriques-sous-marins","status":"publish","type":"post","link":"https:\/\/linitiative.ca\/International\/xlinks-veut-relier-le-maroc-au-royaume-uni-par-cables-electriques-sous-marins\/","title":{"rendered":"Xlinks veut relier le Maroc au Royaume-Uni par c\u00e2bles \u00e9lectriques sous marins"},"content":{"rendered":"<div>\n<div class=\"field field-name-body field-type-text-with-summary field-label-hidden\">\n<div class=\"field-items\">\n<div class=\"field-item even\" property=\"content:encoded\">\n<p class=\"rtejustify\">La soci\u00e9t\u00e9 britannique Xlinks compte d\u00e9velopper un projet de construction du plus long c\u00e2ble \u00e9lectrique au monde, reliant le Maroc au Royaume Uni. Xlinks qui esp\u00e8re r\u00e9unir 22 milliards de dollars pour relier les deux pays avec 3.800 km de c\u00e2bles, l&rsquo;objectif \u00e9tant de transporter 10,5 GW des centrales solaires marocaines vers le Royaume-Uni.<\/p>\n<\/div>\n<\/div>\n<\/div>\n<\/div>\n<p>Auteur: hgueye<br \/>\n<a href=\"https:\/\/www.leconomiste.com\/flash-infos\/xlinks-veut-relier-le-maroc-au-royaume-uni-par-cables-electriques-sous-marins\">Cliquez ici pour lire l&rsquo;article depuis sa source.<\/a><\/p>\n","protected":false},"excerpt":{"rendered":"<p>La soci\u00e9t\u00e9 britannique Xlinks compte d\u00e9velopper un projet de construction du plus long c\u00e2ble \u00e9lectrique au monde, reliant le Maroc au Royaume Uni. Xlinks qui esp\u00e8re r\u00e9unir 22 milliards de dollars pour relier les deux pays avec 3.800 km de c\u00e2bles, l&rsquo;objectif \u00e9tant de transporter 10,5 GW des centrales solaires marocaines vers le Royaume-Uni. Auteur: [&hellip;]<\/p>\n","protected":false},"author":1763,"featured_media":0,"comment_status":"closed","ping_status":"closed","sticky":false,"template":"","format":"standard","meta":{"fifu_image_url":"","fifu_image_alt":"","footnotes":""},"categories":[78,54],"tags":[],"class_list":["post-128198","post","type-post","status-publish","format-standard","hentry","category-economie","category-maroc"],"_links":{"self":[{"href":"https:\/\/linitiative.ca\/International\/wp-json\/wp\/v2\/posts\/128198","targetHints":{"allow":["GET"]}}],"collection":[{"href":"https:\/\/linitiative.ca\/International\/wp-json\/wp\/v2\/posts"}],"about":[{"href":"https:\/\/linitiative.ca\/International\/wp-json\/wp\/v2\/types\/post"}],"author":[{"embeddable":true,"href":"https:\/\/linitiative.ca\/International\/wp-json\/wp\/v2\/users\/1763"}],"replies":[{"embeddable":true,"href":"https:\/\/linitiative.ca\/International\/wp-json\/wp\/v2\/comments?post=128198"}],"version-history":[{"count":0,"href":"https:\/\/linitiative.ca\/International\/wp-json\/wp\/v2\/posts\/128198\/revisions"}],"wp:attachment":[{"href":"https:\/\/linitiative.ca\/International\/wp-json\/wp\/v2\/media?parent=128198"}],"wp:term":[{"taxonomy":"category","embeddable":true,"href":"https:\/\/linitiative.ca\/International\/wp-json\/wp\/v2\/categories?post=128198"},{"taxonomy":"post_tag","embeddable":true,"href":"https:\/\/linitiative.ca\/International\/wp-json\/wp\/v2\/tags?post=128198"}],"curies":[{"name":"wp","href":"https:\/\/api.w.org\/{rel}","templated":true}]}}