{"id":128200,"date":"2021-09-26T11:44:24","date_gmt":"2021-09-26T15:44:24","guid":{"rendered":"https:\/\/linitiative.ca\/International\/coupe-du-monde-futsal-le-maroc-sarrete-en-quarts-de-finale\/"},"modified":"2021-09-26T11:44:24","modified_gmt":"2021-09-26T15:44:24","slug":"coupe-du-monde-futsal-le-maroc-sarrete-en-quarts-de-finale","status":"publish","type":"post","link":"https:\/\/linitiative.ca\/International\/coupe-du-monde-futsal-le-maroc-sarrete-en-quarts-de-finale\/","title":{"rendered":"Coupe du monde futsal: Le Maroc s&rsquo;arr\u00eate en quarts de finale"},"content":{"rendered":"<div>\n<div class=\"field field-name-body field-type-text-with-summary field-label-hidden\">\n<div class=\"field-items\">\n<div class=\"field-item even\" property=\"content:encoded\">\n<p class=\"rtejustify\">Les Lions de l\u2019Atlas ne seront pas dans le dernier carr\u00e9. Ils ont perdu leur quart de finale en\u00a0Coupe du Monde de futsal, ce dimanche 26 septembre au Vilnius Arena en Lituanie, face au Br\u00e9sil (1-0). Les Marocains ont disput\u00e9 un match tr\u00e8s engag\u00e9, mais se sont inclin\u00e9s sur un coup franc inscrit en premi\u00e8re mi-temps par Rodrigo (11e).\u00a0<\/p>\n<\/div>\n<\/div>\n<\/div>\n<\/div>\n<p>Auteur: hgueye<br \/>\n<a href=\"https:\/\/www.leconomiste.com\/flash-infos\/coupe-du-monde-futsal-le-maroc-s-arrete-en-quarts-de-finale\">Cliquez ici pour lire l&rsquo;article depuis sa source.<\/a><\/p>\n","protected":false},"excerpt":{"rendered":"<p>Les Lions de l\u2019Atlas ne seront pas dans le dernier carr\u00e9. Ils ont perdu leur quart de finale en\u00a0Coupe du Monde de futsal, ce dimanche 26 septembre au Vilnius Arena en Lituanie, face au Br\u00e9sil (1-0). Les Marocains ont disput\u00e9 un match tr\u00e8s engag\u00e9, mais se sont inclin\u00e9s sur un coup franc inscrit en premi\u00e8re [&hellip;]<\/p>\n","protected":false},"author":1763,"featured_media":0,"comment_status":"closed","ping_status":"closed","sticky":false,"template":"","format":"standard","meta":{"fifu_image_url":"","fifu_image_alt":"","footnotes":""},"categories":[78,54],"tags":[],"class_list":["post-128200","post","type-post","status-publish","format-standard","hentry","category-economie","category-maroc"],"_links":{"self":[{"href":"https:\/\/linitiative.ca\/International\/wp-json\/wp\/v2\/posts\/128200","targetHints":{"allow":["GET"]}}],"collection":[{"href":"https:\/\/linitiative.ca\/International\/wp-json\/wp\/v2\/posts"}],"about":[{"href":"https:\/\/linitiative.ca\/International\/wp-json\/wp\/v2\/types\/post"}],"author":[{"embeddable":true,"href":"https:\/\/linitiative.ca\/International\/wp-json\/wp\/v2\/users\/1763"}],"replies":[{"embeddable":true,"href":"https:\/\/linitiative.ca\/International\/wp-json\/wp\/v2\/comments?post=128200"}],"version-history":[{"count":0,"href":"https:\/\/linitiative.ca\/International\/wp-json\/wp\/v2\/posts\/128200\/revisions"}],"wp:attachment":[{"href":"https:\/\/linitiative.ca\/International\/wp-json\/wp\/v2\/media?parent=128200"}],"wp:term":[{"taxonomy":"category","embeddable":true,"href":"https:\/\/linitiative.ca\/International\/wp-json\/wp\/v2\/categories?post=128200"},{"taxonomy":"post_tag","embeddable":true,"href":"https:\/\/linitiative.ca\/International\/wp-json\/wp\/v2\/tags?post=128200"}],"curies":[{"name":"wp","href":"https:\/\/api.w.org\/{rel}","templated":true}]}}