{"id":128216,"date":"2021-09-26T04:33:00","date_gmt":"2021-09-26T08:33:00","guid":{"rendered":"https:\/\/linitiative.ca\/International\/tunisie-pour-un-etat-dexception-federateur\/"},"modified":"2021-09-26T04:33:00","modified_gmt":"2021-09-26T08:33:00","slug":"tunisie-pour-un-etat-dexception-federateur","status":"publish","type":"post","link":"https:\/\/linitiative.ca\/International\/tunisie-pour-un-etat-dexception-federateur\/","title":{"rendered":"Tunisie : Pour un \u00e9tat d\u2019exception f\u00e9d\u00e9rateur"},"content":{"rendered":"<div><img decoding=\"async\" src=\"https:\/\/linitiative.ca\/International\/wp-content\/uploads\/sites\/23\/2021\/09\/1632643298_article.jpg\" alt=\"Tunisie : Pour un \u00e9tat d\u2019exception f\u00e9d\u00e9rateur\" align=\"left\">Par Mondher Rezgui. Chercheur en Sciences Politiques. Tunis, le 25 septembre 2021 &#8211; Apr\u00e8s un discours pr\u00e9sidentiel fort instructif adress\u00e9 en direct aux tunisiens \u00e0 partir de Sidi Bouzid en d\u00e9but de soir\u00e9e du lundi 20 septembre 2021, ponctu\u00e9 deux jours apr\u00e8s, par la promulgation, le 22 septembre 2021, du \u00abd\u00e9cret pr\u00e9sidentiel no 117-2021 relatif \u00e0 des mesures exceptionnelles\u00bb, le pr\u00e9sident de la r\u00e9publique vient de traduire des intentions d\u00e9j\u00e0 solennellement exprim\u00e9es, formul\u00e9es et publiquement d\u00e9clar\u00e9es, provoquant une divergence notoire dans les rangs tunisiens au niveau de la forme, mais consolidant, au niveau du fond, un consensus d\u00e9j\u00e0 atteint par la classe &#8230;<\/p>\n<\/div>\n<p>Auteur:<br \/>\n<a href=\"https:\/\/www.leaders.com.tn\/article\/32450-tunisie-pour-un-etat-d-exception-federateur\">Cliquez ici pour lire l&rsquo;article depuis sa source.<\/a><\/p>\n","protected":false},"excerpt":{"rendered":"<p>Par Mondher Rezgui. Chercheur en Sciences Politiques. Tunis, le 25 septembre 2021 &#8211; Apr\u00e8s un discours pr\u00e9sidentiel fort instructif adress\u00e9 en direct aux tunisiens \u00e0 partir de Sidi Bouzid en d\u00e9but de soir\u00e9e du lundi 20 septembre 2021, ponctu\u00e9 deux jours apr\u00e8s, par la promulgation, le 22 septembre 2021, du \u00abd\u00e9cret pr\u00e9sidentiel no 117-2021 relatif [&hellip;]<\/p>\n","protected":false},"author":1772,"featured_media":0,"comment_status":"closed","ping_status":"closed","sticky":false,"template":"","format":"standard","meta":{"fifu_image_url":"http:\/\/www.leaders.com.tn\/uploads\/content\/thumbnails_small\/1632643298_article.jpg","fifu_image_alt":"Tunisie : Pour un \u00e9tat d\u2019exception f\u00e9d\u00e9rateur","footnotes":""},"categories":[73,55],"tags":[],"class_list":["post-128216","post","type-post","status-publish","format-standard","hentry","category-actualite","category-tunisie"],"_links":{"self":[{"href":"https:\/\/linitiative.ca\/International\/wp-json\/wp\/v2\/posts\/128216","targetHints":{"allow":["GET"]}}],"collection":[{"href":"https:\/\/linitiative.ca\/International\/wp-json\/wp\/v2\/posts"}],"about":[{"href":"https:\/\/linitiative.ca\/International\/wp-json\/wp\/v2\/types\/post"}],"author":[{"embeddable":true,"href":"https:\/\/linitiative.ca\/International\/wp-json\/wp\/v2\/users\/1772"}],"replies":[{"embeddable":true,"href":"https:\/\/linitiative.ca\/International\/wp-json\/wp\/v2\/comments?post=128216"}],"version-history":[{"count":0,"href":"https:\/\/linitiative.ca\/International\/wp-json\/wp\/v2\/posts\/128216\/revisions"}],"wp:attachment":[{"href":"https:\/\/linitiative.ca\/International\/wp-json\/wp\/v2\/media?parent=128216"}],"wp:term":[{"taxonomy":"category","embeddable":true,"href":"https:\/\/linitiative.ca\/International\/wp-json\/wp\/v2\/categories?post=128216"},{"taxonomy":"post_tag","embeddable":true,"href":"https:\/\/linitiative.ca\/International\/wp-json\/wp\/v2\/tags?post=128216"}],"curies":[{"name":"wp","href":"https:\/\/api.w.org\/{rel}","templated":true}]}}