{"id":128218,"date":"2021-09-26T05:07:00","date_gmt":"2021-09-26T09:07:00","guid":{"rendered":"https:\/\/linitiative.ca\/International\/volonte-politique-et-recherche-deux-piliers-indispensables-pour-garantir-la-perennite-du-secteur-avicole\/"},"modified":"2021-09-26T05:07:00","modified_gmt":"2021-09-26T09:07:00","slug":"volonte-politique-et-recherche-deux-piliers-indispensables-pour-garantir-la-perennite-du-secteur-avicole","status":"publish","type":"post","link":"https:\/\/linitiative.ca\/International\/volonte-politique-et-recherche-deux-piliers-indispensables-pour-garantir-la-perennite-du-secteur-avicole\/","title":{"rendered":"Volont\u00e9 politique et recherche, deux piliers indispensables pour garantir la p\u00e9rennit\u00e9 du secteur avicole"},"content":{"rendered":"<div><img decoding=\"async\" src=\"https:\/\/linitiative.ca\/International\/wp-content\/uploads\/sites\/23\/2021\/09\/1632644166_article.jpg\" alt=\"Volont\u00e9 politique et recherche, deux piliers indispensables pour garantir la p\u00e9rennit\u00e9 du secteur avicole\" align=\"left\">Par Ridha Bergaoui &#8211; Avec la d\u00e9t\u00e9rioration continue de son pouvoir d\u2019achat et l\u2019augmentation excessive des prix, le consommateur juge de plus en plus les prix des produits avicoles exorbitants. Le poulet et l\u2019escalope, consid\u00e9r\u00e9s jadis viande du pauvre, deviennent, pour de nombreux de nos concitoyens, hors port\u00e9e. \u00a0<br \/>\nDe leur cot\u00e9, les producteurs se plaignent des prix excessivement chers des aliments concentr\u00e9s et d\u00e9noncent les pressions exerc\u00e9s par les abattoirs et les interm\u00e9diaires sur les prix \u00e0 la vente de leurs produits. De nombreux producteurs ont fait faillite et ont abandonn\u00e9 le secteur.<br \/>\nLa crise sanitaire a impact\u00e9 directement le secteur avicole<br \/>\nAu d\u00e9but de &#8230;<\/p>\n<\/div>\n<p>Auteur:<br \/>\n<a href=\"https:\/\/www.leaders.com.tn\/article\/32451-volonte-politique-et-recherche-deux-piliers-indispensables-pour-garantir-la-perennite-du-secteur-avicole\">Cliquez ici pour lire l&rsquo;article depuis sa source.<\/a><\/p>\n","protected":false},"excerpt":{"rendered":"<p>Par Ridha Bergaoui &#8211; Avec la d\u00e9t\u00e9rioration continue de son pouvoir d\u2019achat et l\u2019augmentation excessive des prix, le consommateur juge de plus en plus les prix des produits avicoles exorbitants. Le poulet et l\u2019escalope, consid\u00e9r\u00e9s jadis viande du pauvre, deviennent, pour de nombreux de nos concitoyens, hors port\u00e9e. \u00a0 De leur cot\u00e9, les producteurs se [&hellip;]<\/p>\n","protected":false},"author":1772,"featured_media":0,"comment_status":"closed","ping_status":"closed","sticky":false,"template":"","format":"standard","meta":{"fifu_image_url":"http:\/\/www.leaders.com.tn\/uploads\/content\/thumbnails_small\/1632644166_article.jpg","fifu_image_alt":"Volont\u00e9 politique et recherche, deux piliers indispensables pour garantir la p\u00e9rennit\u00e9 du secteur avicole","footnotes":""},"categories":[73,55],"tags":[],"class_list":["post-128218","post","type-post","status-publish","format-standard","hentry","category-actualite","category-tunisie"],"_links":{"self":[{"href":"https:\/\/linitiative.ca\/International\/wp-json\/wp\/v2\/posts\/128218","targetHints":{"allow":["GET"]}}],"collection":[{"href":"https:\/\/linitiative.ca\/International\/wp-json\/wp\/v2\/posts"}],"about":[{"href":"https:\/\/linitiative.ca\/International\/wp-json\/wp\/v2\/types\/post"}],"author":[{"embeddable":true,"href":"https:\/\/linitiative.ca\/International\/wp-json\/wp\/v2\/users\/1772"}],"replies":[{"embeddable":true,"href":"https:\/\/linitiative.ca\/International\/wp-json\/wp\/v2\/comments?post=128218"}],"version-history":[{"count":0,"href":"https:\/\/linitiative.ca\/International\/wp-json\/wp\/v2\/posts\/128218\/revisions"}],"wp:attachment":[{"href":"https:\/\/linitiative.ca\/International\/wp-json\/wp\/v2\/media?parent=128218"}],"wp:term":[{"taxonomy":"category","embeddable":true,"href":"https:\/\/linitiative.ca\/International\/wp-json\/wp\/v2\/categories?post=128218"},{"taxonomy":"post_tag","embeddable":true,"href":"https:\/\/linitiative.ca\/International\/wp-json\/wp\/v2\/tags?post=128218"}],"curies":[{"name":"wp","href":"https:\/\/api.w.org\/{rel}","templated":true}]}}