{"id":128220,"date":"2021-09-26T05:35:00","date_gmt":"2021-09-26T09:35:00","guid":{"rendered":"https:\/\/linitiative.ca\/International\/deces-du-dr-farouk-ben-osman\/"},"modified":"2021-09-26T05:35:00","modified_gmt":"2021-09-26T09:35:00","slug":"deces-du-dr-farouk-ben-osman","status":"publish","type":"post","link":"https:\/\/linitiative.ca\/International\/deces-du-dr-farouk-ben-osman\/","title":{"rendered":"D\u00e9c\u00e8s du Dr Farouk Ben Osman"},"content":{"rendered":"<div><img decoding=\"async\" src=\"https:\/\/linitiative.ca\/International\/wp-content\/uploads\/sites\/23\/2021\/09\/1632645339_article.jpg\" alt=\"Farouk Ben Osmane\" align=\"left\">V\u00e9t\u00e9rinaire de formation, pasteurien, sp\u00e9cialiste de la production animale au minist\u00e8re de l\u2019Agriculture, Dr Farouk Ben Osman s\u2019est \u00e9teint. Hommage par le Pr Hachemi Louzir, directeur g\u00e9n\u00e9ral de l\u2019Institut Pasteur Tunis.\u00abDr Farouk Ben Osman, un pastorien de la premi\u00e8re heure, vient de nous quitter.\u00a0 En 1963, il faisait d\u00e9j\u00e0 partie des rares personnels de l\u2019Institut Pasteur de Tunis avec Chadli comme directeur, Kchouk, Juminer, Schneider, Edlinger, et Ben Rachid.<br \/>\nV\u00e9t\u00e9rinaire de formation, Dr Farouk Ben Osman, avait dirig\u00e9 le laboratoire de microbiologie animale de l\u2019Institut Pasteur de Tunis avec une double activit\u00e9 de diagnostic et de production de vaccins. &#8230;<\/p>\n<\/div>\n<p>Auteur:<br \/>\n<a href=\"https:\/\/www.leaders.com.tn\/article\/32452-deces-du-dr-farouk-ben-osman\">Cliquez ici pour lire l&rsquo;article depuis sa source.<\/a><\/p>\n","protected":false},"excerpt":{"rendered":"<p>V\u00e9t\u00e9rinaire de formation, pasteurien, sp\u00e9cialiste de la production animale au minist\u00e8re de l\u2019Agriculture, Dr Farouk Ben Osman s\u2019est \u00e9teint. Hommage par le Pr Hachemi Louzir, directeur g\u00e9n\u00e9ral de l\u2019Institut Pasteur Tunis.\u00abDr Farouk Ben Osman, un pastorien de la premi\u00e8re heure, vient de nous quitter.\u00a0 En 1963, il faisait d\u00e9j\u00e0 partie des rares personnels de l\u2019Institut [&hellip;]<\/p>\n","protected":false},"author":1772,"featured_media":0,"comment_status":"closed","ping_status":"closed","sticky":false,"template":"","format":"standard","meta":{"fifu_image_url":"http:\/\/www.leaders.com.tn\/uploads\/content\/thumbnails_small\/1632645339_article.jpg","fifu_image_alt":"D\u00e9c\u00e8s du Dr Farouk Ben Osman","footnotes":""},"categories":[73,55],"tags":[],"class_list":["post-128220","post","type-post","status-publish","format-standard","hentry","category-actualite","category-tunisie"],"_links":{"self":[{"href":"https:\/\/linitiative.ca\/International\/wp-json\/wp\/v2\/posts\/128220","targetHints":{"allow":["GET"]}}],"collection":[{"href":"https:\/\/linitiative.ca\/International\/wp-json\/wp\/v2\/posts"}],"about":[{"href":"https:\/\/linitiative.ca\/International\/wp-json\/wp\/v2\/types\/post"}],"author":[{"embeddable":true,"href":"https:\/\/linitiative.ca\/International\/wp-json\/wp\/v2\/users\/1772"}],"replies":[{"embeddable":true,"href":"https:\/\/linitiative.ca\/International\/wp-json\/wp\/v2\/comments?post=128220"}],"version-history":[{"count":0,"href":"https:\/\/linitiative.ca\/International\/wp-json\/wp\/v2\/posts\/128220\/revisions"}],"wp:attachment":[{"href":"https:\/\/linitiative.ca\/International\/wp-json\/wp\/v2\/media?parent=128220"}],"wp:term":[{"taxonomy":"category","embeddable":true,"href":"https:\/\/linitiative.ca\/International\/wp-json\/wp\/v2\/categories?post=128220"},{"taxonomy":"post_tag","embeddable":true,"href":"https:\/\/linitiative.ca\/International\/wp-json\/wp\/v2\/tags?post=128220"}],"curies":[{"name":"wp","href":"https:\/\/api.w.org\/{rel}","templated":true}]}}