{"id":128225,"date":"2021-09-26T06:00:00","date_gmt":"2021-09-26T10:00:00","guid":{"rendered":"https:\/\/linitiative.ca\/International\/cnas-tipasa-le-forcing\/"},"modified":"2021-09-26T06:00:00","modified_gmt":"2021-09-26T10:00:00","slug":"cnas-tipasa-le-forcing","status":"publish","type":"post","link":"https:\/\/linitiative.ca\/International\/cnas-tipasa-le-forcing\/","title":{"rendered":"Cnas Tipasa, le forcing"},"content":{"rendered":"<div>Depuis le d\u00e9but de l\u2019op\u00e9ration, des mesures exceptionnelles en mati\u00e8re de cotisations sociales, notamment dans son volet relatif \u00e0 l\u2019all\u00e8gement des dettes dues aux p\u00e9nalit\u00e9s de retard des op\u00e9rateurs \u00e9conomiques<\/div>\n<p>Auteur:<br \/>\n<a href=\"https:\/\/www.lesoirdalgerie.com\/periscoop\/cnas-tipasa-le-forcing-67987\">Cliquez ici pour lire l&rsquo;article depuis sa source.<\/a><\/p>\n","protected":false},"excerpt":{"rendered":"<p>Depuis le d\u00e9but de l\u2019op\u00e9ration, des mesures exceptionnelles en mati\u00e8re de cotisations sociales, notamment dans son volet relatif \u00e0 l\u2019all\u00e8gement des dettes dues aux p\u00e9nalit\u00e9s de retard des op\u00e9rateurs \u00e9conomiques Auteur: Cliquez ici pour lire l&rsquo;article depuis sa source.<\/p>\n","protected":false},"author":1741,"featured_media":0,"comment_status":"closed","ping_status":"closed","sticky":false,"template":"","format":"standard","meta":{"fifu_image_url":"","fifu_image_alt":"","footnotes":""},"categories":[73,53],"tags":[],"class_list":["post-128225","post","type-post","status-publish","format-standard","hentry","category-actualite","category-algerie"],"_links":{"self":[{"href":"https:\/\/linitiative.ca\/International\/wp-json\/wp\/v2\/posts\/128225","targetHints":{"allow":["GET"]}}],"collection":[{"href":"https:\/\/linitiative.ca\/International\/wp-json\/wp\/v2\/posts"}],"about":[{"href":"https:\/\/linitiative.ca\/International\/wp-json\/wp\/v2\/types\/post"}],"author":[{"embeddable":true,"href":"https:\/\/linitiative.ca\/International\/wp-json\/wp\/v2\/users\/1741"}],"replies":[{"embeddable":true,"href":"https:\/\/linitiative.ca\/International\/wp-json\/wp\/v2\/comments?post=128225"}],"version-history":[{"count":0,"href":"https:\/\/linitiative.ca\/International\/wp-json\/wp\/v2\/posts\/128225\/revisions"}],"wp:attachment":[{"href":"https:\/\/linitiative.ca\/International\/wp-json\/wp\/v2\/media?parent=128225"}],"wp:term":[{"taxonomy":"category","embeddable":true,"href":"https:\/\/linitiative.ca\/International\/wp-json\/wp\/v2\/categories?post=128225"},{"taxonomy":"post_tag","embeddable":true,"href":"https:\/\/linitiative.ca\/International\/wp-json\/wp\/v2\/tags?post=128225"}],"curies":[{"name":"wp","href":"https:\/\/api.w.org\/{rel}","templated":true}]}}