{"id":128226,"date":"2021-09-26T06:00:00","date_gmt":"2021-09-26T10:00:00","guid":{"rendered":"https:\/\/linitiative.ca\/International\/quand-lopera-dalger-revoit-ses-prix\/"},"modified":"2021-09-26T06:00:00","modified_gmt":"2021-09-26T10:00:00","slug":"quand-lopera-dalger-revoit-ses-prix","status":"publish","type":"post","link":"https:\/\/linitiative.ca\/International\/quand-lopera-dalger-revoit-ses-prix\/","title":{"rendered":"Quand l\u2019Op\u00e9ra d\u2019Alger revoit ses prix"},"content":{"rendered":"<div>Les parents dont les enfants suivaient des cours de danse classique et de musique au niveau de l\u2019Op\u00e9ra d\u2019Alger ont \u00e9t\u00e9 surpris en d\u00e9couvrant les nouveaux tarifs d\u2019inscription aux diff\u00e9rentes activit\u00e9s de leurs<\/div>\n<p>Auteur:<br \/>\n<a href=\"https:\/\/www.lesoirdalgerie.com\/periscoop\/quand-lopera-dalger-revoit-ses-prix-67986\">Cliquez ici pour lire l&rsquo;article depuis sa source.<\/a><\/p>\n","protected":false},"excerpt":{"rendered":"<p>Les parents dont les enfants suivaient des cours de danse classique et de musique au niveau de l\u2019Op\u00e9ra d\u2019Alger ont \u00e9t\u00e9 surpris en d\u00e9couvrant les nouveaux tarifs d\u2019inscription aux diff\u00e9rentes activit\u00e9s de leurs Auteur: Cliquez ici pour lire l&rsquo;article depuis sa source.<\/p>\n","protected":false},"author":1741,"featured_media":0,"comment_status":"closed","ping_status":"closed","sticky":false,"template":"","format":"standard","meta":{"fifu_image_url":"","fifu_image_alt":"","footnotes":""},"categories":[73,53],"tags":[],"class_list":["post-128226","post","type-post","status-publish","format-standard","hentry","category-actualite","category-algerie"],"_links":{"self":[{"href":"https:\/\/linitiative.ca\/International\/wp-json\/wp\/v2\/posts\/128226","targetHints":{"allow":["GET"]}}],"collection":[{"href":"https:\/\/linitiative.ca\/International\/wp-json\/wp\/v2\/posts"}],"about":[{"href":"https:\/\/linitiative.ca\/International\/wp-json\/wp\/v2\/types\/post"}],"author":[{"embeddable":true,"href":"https:\/\/linitiative.ca\/International\/wp-json\/wp\/v2\/users\/1741"}],"replies":[{"embeddable":true,"href":"https:\/\/linitiative.ca\/International\/wp-json\/wp\/v2\/comments?post=128226"}],"version-history":[{"count":0,"href":"https:\/\/linitiative.ca\/International\/wp-json\/wp\/v2\/posts\/128226\/revisions"}],"wp:attachment":[{"href":"https:\/\/linitiative.ca\/International\/wp-json\/wp\/v2\/media?parent=128226"}],"wp:term":[{"taxonomy":"category","embeddable":true,"href":"https:\/\/linitiative.ca\/International\/wp-json\/wp\/v2\/categories?post=128226"},{"taxonomy":"post_tag","embeddable":true,"href":"https:\/\/linitiative.ca\/International\/wp-json\/wp\/v2\/tags?post=128226"}],"curies":[{"name":"wp","href":"https:\/\/api.w.org\/{rel}","templated":true}]}}