{"id":128228,"date":"2021-09-26T06:18:08","date_gmt":"2021-09-26T10:18:08","guid":{"rendered":"https:\/\/linitiative.ca\/International\/algerie-la-descente-aux-enfers\/"},"modified":"2021-09-26T06:18:08","modified_gmt":"2021-09-26T10:18:08","slug":"algerie-la-descente-aux-enfers","status":"publish","type":"post","link":"https:\/\/linitiative.ca\/International\/algerie-la-descente-aux-enfers\/","title":{"rendered":"Alg\u00e9rie. La descente aux enfers"},"content":{"rendered":"<div><img decoding=\"async\" width=\"695\" height=\"466\" src=\"https:\/\/linitiative.ca\/International\/wp-content\/uploads\/sites\/23\/2021\/09\/GAYE.jpg\" class=\"attachment-post-thumbnail size-post-thumbnail wp-post-image\" alt=\"\" loading=\"lazy\" srcset=\"https:\/\/linitiative.ca\/International\/wp-content\/uploads\/sites\/23\/2021\/09\/GAYE.jpg 695w, https:\/\/www.challenge.ma\/wp-content\/uploads\/2021\/09\/GAYE-300x201.jpg 300w, https:\/\/www.challenge.ma\/wp-content\/uploads\/2021\/09\/GAYE-360x241.jpg 360w\" sizes=\"auto, (max-width: 695px) 100vw, 695px\" itemprop=\"image\">Dans une Tribune, Adama Gaye, auteur de \u00ab\u00a0Demain, la nouvelle Afrique (Editions L\u2019Harmattan, Paris)\u00a0\u00bb fait le r\u00e9cit de la descente aux enfers de l\u2019Alg\u00e9rie. \u00ab\u00a0C\u2019est un grand pays nord-africain \u00e0 la d\u00e9rive. Qui peut encore identifier les symboles de son panache d\u2019un pass\u00e9 pourtant encore gu\u00e8re \u00e9loign\u00e9 ?\u00a0\u00bb, s\u2019interroge-t-il\u00a0? L\u2019auteur<\/div>\n<p>Auteur: challenge<br \/>\n<a href=\"https:\/\/www.challenge.ma\/algerie-la-descente-aux-enfers-221759\/\">Cliquez ici pour lire l&rsquo;article depuis sa source.<\/a><\/p>\n","protected":false},"excerpt":{"rendered":"<p>Dans une Tribune, Adama Gaye, auteur de \u00ab\u00a0Demain, la nouvelle Afrique (Editions L\u2019Harmattan, Paris)\u00a0\u00bb fait le r\u00e9cit de la descente aux enfers de l\u2019Alg\u00e9rie. \u00ab\u00a0C\u2019est un grand pays nord-africain \u00e0 la d\u00e9rive. Qui peut encore identifier les symboles de son panache d\u2019un pass\u00e9 pourtant encore gu\u00e8re \u00e9loign\u00e9 ?\u00a0\u00bb, s\u2019interroge-t-il\u00a0? L\u2019auteur Auteur: challenge Cliquez ici pour [&hellip;]<\/p>\n","protected":false},"author":1787,"featured_media":0,"comment_status":"closed","ping_status":"closed","sticky":false,"template":"","format":"standard","meta":{"fifu_image_url":"https:\/\/www.challenge.ma\/wp-content\/uploads\/2021\/09\/GAYE.jpg","fifu_image_alt":"Alg\u00e9rie. La descente aux enfers","footnotes":""},"categories":[78,54],"tags":[],"class_list":["post-128228","post","type-post","status-publish","format-standard","hentry","category-economie","category-maroc"],"_links":{"self":[{"href":"https:\/\/linitiative.ca\/International\/wp-json\/wp\/v2\/posts\/128228","targetHints":{"allow":["GET"]}}],"collection":[{"href":"https:\/\/linitiative.ca\/International\/wp-json\/wp\/v2\/posts"}],"about":[{"href":"https:\/\/linitiative.ca\/International\/wp-json\/wp\/v2\/types\/post"}],"author":[{"embeddable":true,"href":"https:\/\/linitiative.ca\/International\/wp-json\/wp\/v2\/users\/1787"}],"replies":[{"embeddable":true,"href":"https:\/\/linitiative.ca\/International\/wp-json\/wp\/v2\/comments?post=128228"}],"version-history":[{"count":0,"href":"https:\/\/linitiative.ca\/International\/wp-json\/wp\/v2\/posts\/128228\/revisions"}],"wp:attachment":[{"href":"https:\/\/linitiative.ca\/International\/wp-json\/wp\/v2\/media?parent=128228"}],"wp:term":[{"taxonomy":"category","embeddable":true,"href":"https:\/\/linitiative.ca\/International\/wp-json\/wp\/v2\/categories?post=128228"},{"taxonomy":"post_tag","embeddable":true,"href":"https:\/\/linitiative.ca\/International\/wp-json\/wp\/v2\/tags?post=128228"}],"curies":[{"name":"wp","href":"https:\/\/api.w.org\/{rel}","templated":true}]}}