{"id":128230,"date":"2021-09-26T07:17:48","date_gmt":"2021-09-26T11:17:48","guid":{"rendered":"https:\/\/linitiative.ca\/International\/belgique-le-fonds-activiste-bluebell-capital-partners-demande-le-depart-de-la-marocaine-ilham-kadri-pdg-de-solvay\/"},"modified":"2021-09-26T07:17:48","modified_gmt":"2021-09-26T11:17:48","slug":"belgique-le-fonds-activiste-bluebell-capital-partners-demande-le-depart-de-la-marocaine-ilham-kadri-pdg-de-solvay","status":"publish","type":"post","link":"https:\/\/linitiative.ca\/International\/belgique-le-fonds-activiste-bluebell-capital-partners-demande-le-depart-de-la-marocaine-ilham-kadri-pdg-de-solvay\/","title":{"rendered":"Belgique. Le fonds activiste Bluebell Capital Partners demande le d\u00e9part de la marocaine Ilham Kadri, PDG de Solvay"},"content":{"rendered":"<div><img decoding=\"async\" width=\"768\" height=\"512\" src=\"https:\/\/linitiative.ca\/International\/wp-content\/uploads\/sites\/23\/2021\/09\/SOLVOY.jpg\" class=\"attachment-post-thumbnail size-post-thumbnail wp-post-image\" alt=\"\" loading=\"lazy\" srcset=\"https:\/\/linitiative.ca\/International\/wp-content\/uploads\/sites\/23\/2021\/09\/SOLVOY.jpg 768w, https:\/\/www.challenge.ma\/wp-content\/uploads\/2021\/09\/SOLVOY-300x200.jpg 300w, https:\/\/www.challenge.ma\/wp-content\/uploads\/2021\/09\/SOLVOY-360x240.jpg 360w, https:\/\/www.challenge.ma\/wp-content\/uploads\/2021\/09\/SOLVOY-750x500.jpg 750w\" sizes=\"auto, (max-width: 768px) 100vw, 768px\" itemprop=\"image\">Le fonds activiste Bluebell Capital Partners a appel\u00e9 le groupe de chimie belge Solvay \u00e0 remplacer sa pr\u00e9sidente directrice g\u00e9n\u00e9rale Ilham Kadri, lui reprochant de ne pas avoir mis fin au rejet en mer de \u00ab\u00a0d\u00e9chets chimiques\u00a0\u00bb d\u2019une usine italienne, selon Reuters. Le fonds britannique Bluebell Capital Partners, qui avait<\/div>\n<p>Auteur: challenge<br \/>\n<a href=\"https:\/\/www.challenge.ma\/belgique-le-fonds-activiste-bluebell-capital-partners-demande-le-depart-de-la-marocaine-ilham-kadri-pdg-de-solvay-221763\/\">Cliquez ici pour lire l&rsquo;article depuis sa source.<\/a><\/p>\n","protected":false},"excerpt":{"rendered":"<p>Le fonds activiste Bluebell Capital Partners a appel\u00e9 le groupe de chimie belge Solvay \u00e0 remplacer sa pr\u00e9sidente directrice g\u00e9n\u00e9rale Ilham Kadri, lui reprochant de ne pas avoir mis fin au rejet en mer de \u00ab\u00a0d\u00e9chets chimiques\u00a0\u00bb d\u2019une usine italienne, selon Reuters. Le fonds britannique Bluebell Capital Partners, qui avait Auteur: challenge Cliquez ici pour [&hellip;]<\/p>\n","protected":false},"author":1787,"featured_media":0,"comment_status":"closed","ping_status":"closed","sticky":false,"template":"","format":"standard","meta":{"fifu_image_url":"https:\/\/www.challenge.ma\/wp-content\/uploads\/2021\/09\/SOLVOY.jpg","fifu_image_alt":"Belgique. Le fonds activiste Bluebell Capital Partners demande le d\u00e9part de la marocaine Ilham Kadri, PDG de Solvay","footnotes":""},"categories":[78,54],"tags":[],"class_list":["post-128230","post","type-post","status-publish","format-standard","hentry","category-economie","category-maroc"],"_links":{"self":[{"href":"https:\/\/linitiative.ca\/International\/wp-json\/wp\/v2\/posts\/128230","targetHints":{"allow":["GET"]}}],"collection":[{"href":"https:\/\/linitiative.ca\/International\/wp-json\/wp\/v2\/posts"}],"about":[{"href":"https:\/\/linitiative.ca\/International\/wp-json\/wp\/v2\/types\/post"}],"author":[{"embeddable":true,"href":"https:\/\/linitiative.ca\/International\/wp-json\/wp\/v2\/users\/1787"}],"replies":[{"embeddable":true,"href":"https:\/\/linitiative.ca\/International\/wp-json\/wp\/v2\/comments?post=128230"}],"version-history":[{"count":0,"href":"https:\/\/linitiative.ca\/International\/wp-json\/wp\/v2\/posts\/128230\/revisions"}],"wp:attachment":[{"href":"https:\/\/linitiative.ca\/International\/wp-json\/wp\/v2\/media?parent=128230"}],"wp:term":[{"taxonomy":"category","embeddable":true,"href":"https:\/\/linitiative.ca\/International\/wp-json\/wp\/v2\/categories?post=128230"},{"taxonomy":"post_tag","embeddable":true,"href":"https:\/\/linitiative.ca\/International\/wp-json\/wp\/v2\/tags?post=128230"}],"curies":[{"name":"wp","href":"https:\/\/api.w.org\/{rel}","templated":true}]}}