{"id":128232,"date":"2021-09-26T07:38:10","date_gmt":"2021-09-26T11:38:10","guid":{"rendered":"https:\/\/linitiative.ca\/International\/ceux-qui-presideront-aux-destinees-de-nos-grandes-villes\/"},"modified":"2021-09-26T07:38:10","modified_gmt":"2021-09-26T11:38:10","slug":"ceux-qui-presideront-aux-destinees-de-nos-grandes-villes","status":"publish","type":"post","link":"https:\/\/linitiative.ca\/International\/ceux-qui-presideront-aux-destinees-de-nos-grandes-villes\/","title":{"rendered":"Ceux qui pr\u00e9sideront aux destin\u00e9es de nos grandes villes"},"content":{"rendered":"<div><img decoding=\"async\" width=\"1918\" height=\"1172\" src=\"https:\/\/linitiative.ca\/International\/wp-content\/uploads\/sites\/23\/2021\/09\/PreCC81sidents-villes-2.jpg\" class=\"attachment-post-thumbnail size-post-thumbnail wp-post-image\" alt=\"\" loading=\"lazy\" srcset=\"https:\/\/linitiative.ca\/International\/wp-content\/uploads\/sites\/23\/2021\/09\/PreCC81sidents-villes-2.jpg 1918w, https:\/\/www.challenge.ma\/wp-content\/uploads\/2021\/09\/Pre\u0301sidents-villes-2-300x183.jpg 300w, https:\/\/www.challenge.ma\/wp-content\/uploads\/2021\/09\/Pre\u0301sidents-villes-2-1024x626.jpg 1024w, https:\/\/www.challenge.ma\/wp-content\/uploads\/2021\/09\/Pre\u0301sidents-villes-2-768x469.jpg 768w, https:\/\/www.challenge.ma\/wp-content\/uploads\/2021\/09\/Pre\u0301sidents-villes-2-1536x939.jpg 1536w, https:\/\/www.challenge.ma\/wp-content\/uploads\/2021\/09\/Pre\u0301sidents-villes-2-360x220.jpg 360w, https:\/\/www.challenge.ma\/wp-content\/uploads\/2021\/09\/Pre\u0301sidents-villes-2-750x458.jpg 750w\" sizes=\"auto, (max-width: 1918px) 100vw, 1918px\" itemprop=\"image\">A l\u2019issue des \u00e9lections municipales, les nouveaux maires des communes ont \u00e9t\u00e9 d\u00e9sign\u00e9s. Qui sont-ils\u2009? Mini-portraits des personnalit\u00e9s qui dirigeront nos grandes villes pour les 5 prochaines ann\u00e9es. Dr. Nabila Rmili Maire de Casablanca\u00a0 Elle prend la Pr\u00e9sidence du Conseil communal de Casablanca. Une premi\u00e8re pour la capitale \u00e9conomique du<\/div>\n<p>Auteur: challenge<br \/>\n<a href=\"https:\/\/www.challenge.ma\/ceux-qui-presideront-aux-destinees-de-nos-grandes-villes-221702\/\">Cliquez ici pour lire l&rsquo;article depuis sa source.<\/a><\/p>\n","protected":false},"excerpt":{"rendered":"<p>A l\u2019issue des \u00e9lections municipales, les nouveaux maires des communes ont \u00e9t\u00e9 d\u00e9sign\u00e9s. Qui sont-ils\u2009? Mini-portraits des personnalit\u00e9s qui dirigeront nos grandes villes pour les 5 prochaines ann\u00e9es. Dr. Nabila Rmili Maire de Casablanca\u00a0 Elle prend la Pr\u00e9sidence du Conseil communal de Casablanca. Une premi\u00e8re pour la capitale \u00e9conomique du Auteur: challenge Cliquez ici pour [&hellip;]<\/p>\n","protected":false},"author":1787,"featured_media":0,"comment_status":"closed","ping_status":"closed","sticky":false,"template":"","format":"standard","meta":{"fifu_image_url":"https:\/\/www.challenge.ma\/wp-content\/uploads\/2021\/09\/Pre\u0301sidents-villes-2.jpg","fifu_image_alt":"Ceux qui pr\u00e9sideront aux destin\u00e9es de nos grandes villes","footnotes":""},"categories":[78,54],"tags":[],"class_list":["post-128232","post","type-post","status-publish","format-standard","hentry","category-economie","category-maroc"],"_links":{"self":[{"href":"https:\/\/linitiative.ca\/International\/wp-json\/wp\/v2\/posts\/128232","targetHints":{"allow":["GET"]}}],"collection":[{"href":"https:\/\/linitiative.ca\/International\/wp-json\/wp\/v2\/posts"}],"about":[{"href":"https:\/\/linitiative.ca\/International\/wp-json\/wp\/v2\/types\/post"}],"author":[{"embeddable":true,"href":"https:\/\/linitiative.ca\/International\/wp-json\/wp\/v2\/users\/1787"}],"replies":[{"embeddable":true,"href":"https:\/\/linitiative.ca\/International\/wp-json\/wp\/v2\/comments?post=128232"}],"version-history":[{"count":0,"href":"https:\/\/linitiative.ca\/International\/wp-json\/wp\/v2\/posts\/128232\/revisions"}],"wp:attachment":[{"href":"https:\/\/linitiative.ca\/International\/wp-json\/wp\/v2\/media?parent=128232"}],"wp:term":[{"taxonomy":"category","embeddable":true,"href":"https:\/\/linitiative.ca\/International\/wp-json\/wp\/v2\/categories?post=128232"},{"taxonomy":"post_tag","embeddable":true,"href":"https:\/\/linitiative.ca\/International\/wp-json\/wp\/v2\/tags?post=128232"}],"curies":[{"name":"wp","href":"https:\/\/api.w.org\/{rel}","templated":true}]}}