{"id":128238,"date":"2021-09-26T14:42:00","date_gmt":"2021-09-26T18:42:00","guid":{"rendered":"https:\/\/linitiative.ca\/International\/tunisie-saied-ferjani-kais-saied-a-perdu-toute-legitimite\/"},"modified":"2021-09-26T14:42:00","modified_gmt":"2021-09-26T18:42:00","slug":"tunisie-saied-ferjani-kais-saied-a-perdu-toute-legitimite","status":"publish","type":"post","link":"https:\/\/linitiative.ca\/International\/tunisie-saied-ferjani-kais-saied-a-perdu-toute-legitimite\/","title":{"rendered":"Tunisie \u2013 Saied Ferjani\u00a0: Ka\u00efs Sa\u00efed a perdu toute l\u00e9gitimit\u00e9"},"content":{"rendered":"<div>\n<p>Le d\u00e9put\u00e9 islamiste gel\u00e9 Sa\u00efed Ferjani a assur\u00e9, ce dimanche, en marge de la manifestation de l\u2019avenue Bourguiba, que le pr\u00e9sident Ka\u00efs Sa\u00efed a perdu toute l\u00e9gitimit\u00e9 du moment qu\u2019il a touch\u00e9 \u00e0 la constitution. Il a ajout\u00e9 que les manifestations appelant au retour \u00e0 la l\u00e9gitimit\u00e9 se poursuivront toutes les semaines.<\/p>\n<p>L\u2019article <a href=\"https:\/\/www.tunisienumerique.com\/tunisie-saied-ferjani-kais-saied-a-perdu-toute-legitimite\/\">Tunisie \u2013 Saied Ferjani\u00a0: Ka\u00efs Sa\u00efed a perdu toute l\u00e9gitimit\u00e9<\/a> est apparu en premier sur <a href=\"https:\/\/www.tunisienumerique.com\/\">Tunisie<\/a>.<\/p>\n<\/div>\n<p>Auteur: LM<br \/>\n<a href=\"https:\/\/www.tunisienumerique.com\/tunisie-saied-ferjani-kais-saied-a-perdu-toute-legitimite\/\">Cliquez ici pour lire l&rsquo;article depuis sa source.<\/a><\/p>\n","protected":false},"excerpt":{"rendered":"<p>Le d\u00e9put\u00e9 islamiste gel\u00e9 Sa\u00efed Ferjani a assur\u00e9, ce dimanche, en marge de la manifestation de l\u2019avenue Bourguiba, que le pr\u00e9sident Ka\u00efs Sa\u00efed a perdu toute l\u00e9gitimit\u00e9 du moment qu\u2019il a touch\u00e9 \u00e0 la constitution. Il a ajout\u00e9 que les manifestations appelant au retour \u00e0 la l\u00e9gitimit\u00e9 se poursuivront toutes les semaines. L\u2019article Tunisie \u2013 [&hellip;]<\/p>\n","protected":false},"author":1789,"featured_media":0,"comment_status":"closed","ping_status":"closed","sticky":false,"template":"","format":"standard","meta":{"fifu_image_url":"","fifu_image_alt":"","footnotes":""},"categories":[73,55],"tags":[],"class_list":["post-128238","post","type-post","status-publish","format-standard","hentry","category-actualite","category-tunisie"],"_links":{"self":[{"href":"https:\/\/linitiative.ca\/International\/wp-json\/wp\/v2\/posts\/128238","targetHints":{"allow":["GET"]}}],"collection":[{"href":"https:\/\/linitiative.ca\/International\/wp-json\/wp\/v2\/posts"}],"about":[{"href":"https:\/\/linitiative.ca\/International\/wp-json\/wp\/v2\/types\/post"}],"author":[{"embeddable":true,"href":"https:\/\/linitiative.ca\/International\/wp-json\/wp\/v2\/users\/1789"}],"replies":[{"embeddable":true,"href":"https:\/\/linitiative.ca\/International\/wp-json\/wp\/v2\/comments?post=128238"}],"version-history":[{"count":0,"href":"https:\/\/linitiative.ca\/International\/wp-json\/wp\/v2\/posts\/128238\/revisions"}],"wp:attachment":[{"href":"https:\/\/linitiative.ca\/International\/wp-json\/wp\/v2\/media?parent=128238"}],"wp:term":[{"taxonomy":"category","embeddable":true,"href":"https:\/\/linitiative.ca\/International\/wp-json\/wp\/v2\/categories?post=128238"},{"taxonomy":"post_tag","embeddable":true,"href":"https:\/\/linitiative.ca\/International\/wp-json\/wp\/v2\/tags?post=128238"}],"curies":[{"name":"wp","href":"https:\/\/api.w.org\/{rel}","templated":true}]}}