{"id":128245,"date":"2021-09-26T14:52:09","date_gmt":"2021-09-26T18:52:09","guid":{"rendered":"https:\/\/linitiative.ca\/International\/coup-de-sang-du-premier-ministre-malien-contre-la-france\/"},"modified":"2021-09-26T14:52:09","modified_gmt":"2021-09-26T18:52:09","slug":"coup-de-sang-du-premier-ministre-malien-contre-la-france","status":"publish","type":"post","link":"https:\/\/linitiative.ca\/International\/coup-de-sang-du-premier-ministre-malien-contre-la-france\/","title":{"rendered":"COUP DE SANG DU PREMIER MINISTRE MALIEN CONTRE LA FRANCE"},"content":{"rendered":"<div>\n<p><img decoding=\"async\" width=\"592\" height=\"296\" src=\"https:\/\/linitiative.ca\/International\/wp-content\/uploads\/sites\/23\/2021\/09\/CHOGUEL.jpg\" class=\"attachment- size- wp-post-image\" alt=\"\" loading=\"lazy\" style=\"float:left; margin:0 15px 15px 0;\" srcset=\"https:\/\/linitiative.ca\/International\/wp-content\/uploads\/sites\/23\/2021\/09\/CHOGUEL.jpg 592w, https:\/\/lepays.bf\/wp-content\/uploads\/2021\/09\/CHOGUEL-300x150.jpg 300w\" sizes=\"auto, (max-width: 592px) 100vw, 592px\">Depuis les r\u00e9v\u00e9lations faites par les m\u00e9dias, d\u2019un contrat probable entre les autorit\u00e9s maliennes et la soci\u00e9t\u00e9 russe Wagner, l\u2019on assiste \u00e0 une v\u00e9ritable passe d\u2019armes entre Bamako et Paris. En effet, alors que les autorit\u00e9s fran\u00e7aises jugent incompatible la pr\u00e9sence de leurs troupes aux c\u00f4t\u00e9s des mercenaires, Bamako s\u2019en d\u00e9fend, estimant qu\u2019elle a le \u2026<\/p>\n<p>L\u2019article <a rel=\"nofollow\" href=\"https:\/\/lepays.bf\/coup-de-sang-du-premier-ministre-malien-contre-la-france\/\">COUP DE SANG DU PREMIER MINISTRE MALIEN CONTRE LA FRANCE<\/a> est apparu en premier sur <a rel=\"nofollow\" href=\"https:\/\/lepays.bf\/\">Editions Le Pays<\/a>.<\/p>\n<\/div>\n<p>Auteur: Editions LEPAYS<br \/>\n<a href=\"https:\/\/lepays.bf\/coup-de-sang-du-premier-ministre-malien-contre-la-france\/\">Cliquez ici pour lire l&rsquo;article depuis sa source.<\/a><\/p>\n","protected":false},"excerpt":{"rendered":"<p>Depuis les r\u00e9v\u00e9lations faites par les m\u00e9dias, d\u2019un contrat probable entre les autorit\u00e9s maliennes et la soci\u00e9t\u00e9 russe Wagner, l\u2019on assiste \u00e0 une v\u00e9ritable passe d\u2019armes entre Bamako et Paris. En effet, alors que les autorit\u00e9s fran\u00e7aises jugent incompatible la pr\u00e9sence de leurs troupes aux c\u00f4t\u00e9s des mercenaires, Bamako s\u2019en d\u00e9fend, estimant qu\u2019elle a le [&hellip;]<\/p>\n","protected":false},"author":1813,"featured_media":0,"comment_status":"closed","ping_status":"closed","sticky":false,"template":"","format":"standard","meta":{"fifu_image_url":"https:\/\/lepays.bf\/wp-content\/uploads\/2021\/09\/CHOGUEL.jpg","fifu_image_alt":"COUP DE SANG DU PREMIER MINISTRE MALIEN CONTRE LA FRANCE","footnotes":""},"categories":[73,81],"tags":[],"class_list":["post-128245","post","type-post","status-publish","format-standard","hentry","category-actualite","category-burkina-faso"],"_links":{"self":[{"href":"https:\/\/linitiative.ca\/International\/wp-json\/wp\/v2\/posts\/128245","targetHints":{"allow":["GET"]}}],"collection":[{"href":"https:\/\/linitiative.ca\/International\/wp-json\/wp\/v2\/posts"}],"about":[{"href":"https:\/\/linitiative.ca\/International\/wp-json\/wp\/v2\/types\/post"}],"author":[{"embeddable":true,"href":"https:\/\/linitiative.ca\/International\/wp-json\/wp\/v2\/users\/1813"}],"replies":[{"embeddable":true,"href":"https:\/\/linitiative.ca\/International\/wp-json\/wp\/v2\/comments?post=128245"}],"version-history":[{"count":0,"href":"https:\/\/linitiative.ca\/International\/wp-json\/wp\/v2\/posts\/128245\/revisions"}],"wp:attachment":[{"href":"https:\/\/linitiative.ca\/International\/wp-json\/wp\/v2\/media?parent=128245"}],"wp:term":[{"taxonomy":"category","embeddable":true,"href":"https:\/\/linitiative.ca\/International\/wp-json\/wp\/v2\/categories?post=128245"},{"taxonomy":"post_tag","embeddable":true,"href":"https:\/\/linitiative.ca\/International\/wp-json\/wp\/v2\/tags?post=128245"}],"curies":[{"name":"wp","href":"https:\/\/api.w.org\/{rel}","templated":true}]}}