{"id":128249,"date":"2021-09-26T17:17:06","date_gmt":"2021-09-26T21:17:06","guid":{"rendered":"https:\/\/linitiative.ca\/International\/rencontres-de-la-musique-africaine-la-copie-privee-au-coeur-de-la-ive-edition\/"},"modified":"2021-09-26T17:17:06","modified_gmt":"2021-09-26T21:17:06","slug":"rencontres-de-la-musique-africaine-la-copie-privee-au-coeur-de-la-ive-edition","status":"publish","type":"post","link":"https:\/\/linitiative.ca\/International\/rencontres-de-la-musique-africaine-la-copie-privee-au-coeur-de-la-ive-edition\/","title":{"rendered":"Rencontres de la musique africaine : la copie priv\u00e9e au c\u0153ur  de la IVe \u00e9dition"},"content":{"rendered":"<div>\n<p><strong>Le comit\u00e9 d\u2019organisation de la 4e \u00e9dition des Rencontres de la musique africaine (REMA) a anim\u00e9 une conf\u00e9rence de presse, le vendredi 24 septembre 2021, \u00e0 Ouagadougou.<\/strong><\/p>\n<p>La multiplication des supports de diffusion de la musique africaine rend aujourd\u2019hui indispensable une v\u00e9ritable r\u00e9flexion sur le statut de la copie priv\u00e9e sur le continent. Les IVe Rencontres de la musique africaine (REMA), pr\u00e9vues pour se tenir du 14 au 16 octobre prochain, ont ainsi d\u00e9cid\u00e9 de se pencher sur le th\u00e8me : \u00ab La r\u00e9mun\u00e9ration par la copie priv\u00e9e, moteur pour la cr\u00e9ation musicale en Afrique \u00bb. L\u2019information a \u00e9t\u00e9 donn\u00e9e par le comit\u00e9 d\u2019organisation, le vendredi 24 septembre 2021 \u00e0 Ouagadougou, au cours d\u2019une conf\u00e9rence de presse.<\/p>\n<p>Selon le directeur des REMA, Alif Naaba, ces rencontres sont un incubateur en vue de trouver les solutions et mod\u00e8les \u00e9conomiques, d\u2019innovations et de diffusion de la musique africaine. D\u2019embl\u00e9e, a-t-il expliqu\u00e9, la copie priv\u00e9e renvoie au paiement de taxes qui r\u00e9compense le travail et la cr\u00e9ation des artistes apr\u00e8s l\u2019utilisation de leur musique sur les cl\u00e9s USB, dans les v\u00e9hicules et autres t\u00e9l\u00e9phones portables. Apr\u00e8s la IIIe \u00e9dition consacr\u00e9e au digital, a-t-il dit, les REMA 2021 porteront sur le droit d\u2019auteur \u00ab qui est au c\u0153ur des pr\u00e9occupations de l\u2019industrie musicale \u00bb. \u00ab Le Burkina Faso est aujourd\u2019hui un exemple de la copie priv\u00e9e et il faut le c\u00e9l\u00e9brer.<\/p>\n<p>Nous sommes le seul pays francophone de l\u2019UEMOA, en plus du Ghana, o\u00f9 la copie priv\u00e9e est une r\u00e9alit\u00e9 en partenariat avec le Bureau burkinab\u00e8 du droit d\u2019auteur. Cela permet \u00e0 nos artistes d\u2019\u00eatre r\u00e9mun\u00e9r\u00e9s clairement \u00bb, a argu\u00e9 Alif Naaba. A travers les REMA 2021, a-t-il signifi\u00e9, il s\u2019agit donc de partager l\u2019exp\u00e9rience du Burkina Faso, d\u2019un partage de bonnes pratiques en la mati\u00e8re et de cr\u00e9er un r\u00e9seau de professionnels, de producteurs et de managers. Au programme de ces trois jours de rencontre, a d\u00e9taill\u00e9 l\u2019animateur de la conf\u00e9rence de presse, il est pr\u00e9vu la \u201cREMA welcome night\u201d, une c\u00e9r\u00e9monie d\u2019ouverture ponctu\u00e9e d\u2019une remise de r\u00e9compenses des producteurs \u00ab les plus imaginatifs \u00bb (innovation), deux panels sur le th\u00e8me, un workshop sur la valorisation digitale de la musique traditionnelle burkinab\u00e8, une Keynote avec deux artistes et dix showcases avec des groupes musicales du Burkina Faso (90%), de la France et du S\u00e9n\u00e9gal.<\/p>\n<p>Ces diff\u00e9rentes activit\u00e9s se tiendront au foyer du renouveau, \u00e0 Canal Olympia Ouaga 2000, \u00e0 l\u2019Institut fran\u00e7ais de Ouagadougou et au Goethe institut. Interrog\u00e9 sur le manque d\u2019engouement des artistes burkinab\u00e8 pour les REMA, Alif Naaba a reconnu cet \u00e9tat de fait et les a appel\u00e9s \u00e0 s\u2019approprier la chose. En r\u00e9ponse au bilan de la derni\u00e8re \u00e9dition sur le digital, le directeur des REMA a relev\u00e9 que les discussions, rencontres professionnelles, formations et autres ateliers ont permis \u00e0 certains artistes comme Nabalum, Fleur, Malika la slameuse, de prendre une avance dans la promotion de leur musique, notamment sur les r\u00e9seaux sociaux.<\/p>\n<p style=\"text-align: right\"><strong>Jean-Marie TOE <\/strong><\/p>\n<p style=\"text-align: right\"><strong>Ibrahim SOUMDAOGO<\/strong> (Stagiaire)<\/p>\n<p>L\u2019article <a rel=\"nofollow\" href=\"https:\/\/www.sidwaya.info\/blog\/2021\/09\/26\/rencontres-de-la-musique-africaine-la-copie-privee-au-coeur-de-la-ive-edition\/\">Rencontres de la musique africaine : la copie priv\u00e9e au c\u0153ur  de la IVe \u00e9dition<\/a> est apparu en premier sur <a rel=\"nofollow\" href=\"https:\/\/www.sidwaya.info\/\">Quotidien Sidwaya<\/a>.<\/p>\n<\/div>\n<p>Auteur: JK. Sidwaya<br \/>\n<a href=\"https:\/\/www.sidwaya.info\/blog\/2021\/09\/26\/rencontres-de-la-musique-africaine-la-copie-privee-au-coeur-de-la-ive-edition\/\">Cliquez ici pour lire l&rsquo;article depuis sa source.<\/a><\/p>\n","protected":false},"excerpt":{"rendered":"<p>Le comit\u00e9 d\u2019organisation de la 4e \u00e9dition des Rencontres de la musique africaine (REMA) a anim\u00e9 une conf\u00e9rence de presse, le vendredi 24 septembre 2021, \u00e0 Ouagadougou. La multiplication des supports de diffusion de la musique africaine rend aujourd\u2019hui indispensable une v\u00e9ritable r\u00e9flexion sur le statut de la copie priv\u00e9e sur le continent. Les IVe [&hellip;]<\/p>\n","protected":false},"author":1816,"featured_media":0,"comment_status":"closed","ping_status":"closed","sticky":false,"template":"","format":"standard","meta":{"fifu_image_url":"","fifu_image_alt":"","footnotes":""},"categories":[73,81],"tags":[],"class_list":["post-128249","post","type-post","status-publish","format-standard","hentry","category-actualite","category-burkina-faso"],"_links":{"self":[{"href":"https:\/\/linitiative.ca\/International\/wp-json\/wp\/v2\/posts\/128249","targetHints":{"allow":["GET"]}}],"collection":[{"href":"https:\/\/linitiative.ca\/International\/wp-json\/wp\/v2\/posts"}],"about":[{"href":"https:\/\/linitiative.ca\/International\/wp-json\/wp\/v2\/types\/post"}],"author":[{"embeddable":true,"href":"https:\/\/linitiative.ca\/International\/wp-json\/wp\/v2\/users\/1816"}],"replies":[{"embeddable":true,"href":"https:\/\/linitiative.ca\/International\/wp-json\/wp\/v2\/comments?post=128249"}],"version-history":[{"count":0,"href":"https:\/\/linitiative.ca\/International\/wp-json\/wp\/v2\/posts\/128249\/revisions"}],"wp:attachment":[{"href":"https:\/\/linitiative.ca\/International\/wp-json\/wp\/v2\/media?parent=128249"}],"wp:term":[{"taxonomy":"category","embeddable":true,"href":"https:\/\/linitiative.ca\/International\/wp-json\/wp\/v2\/categories?post=128249"},{"taxonomy":"post_tag","embeddable":true,"href":"https:\/\/linitiative.ca\/International\/wp-json\/wp\/v2\/tags?post=128249"}],"curies":[{"name":"wp","href":"https:\/\/api.w.org\/{rel}","templated":true}]}}