{"id":128250,"date":"2021-09-26T17:20:08","date_gmt":"2021-09-26T21:20:08","guid":{"rendered":"https:\/\/linitiative.ca\/International\/promotion-du-faso-dan-fani-un-projet-de-prets-a-porter-lance-a-bogande\/"},"modified":"2021-09-26T17:20:08","modified_gmt":"2021-09-26T21:20:08","slug":"promotion-du-faso-dan-fani-un-projet-de-prets-a-porter-lance-a-bogande","status":"publish","type":"post","link":"https:\/\/linitiative.ca\/International\/promotion-du-faso-dan-fani-un-projet-de-prets-a-porter-lance-a-bogande\/","title":{"rendered":"Promotion du Faso dan fani : un projet de \u201cpr\u00eats \u00e0 porter\u201d lanc\u00e9 \u00e0 Bogand\u00e9"},"content":{"rendered":"<div>\n<p><strong>Le projet \u00ab Confection de pr\u00eats \u00e0 porter Faso dan fani\u00bb a \u00e9t\u00e9 lanc\u00e9 le samedi 25 septembre 2021 \u00e0 Bogand\u00e9 par l\u2019Association une Vie, un M\u00e9tier de couturiers (A.V.M.C).<\/strong><\/p>\n<p>D\u2019un co\u00fbt global de 18.258.337 de nos francs, le projet \u00ab Confection de pr\u00eats \u00e0 porter Faso dan fani\u00bb est financ\u00e9 \u00e0 85% par le Fonds de d\u00e9veloppement culturel et touristique (FDCT). La c\u00e9r\u00e9monie de lancement du projet a eu lieu le samedi 25 septembre 2021 \u00e0 Bogand\u00e9, en pr\u00e9sence des membres de la structure initiatrice du projet, l\u2019Association une Vie, un M\u00e9tier de couturiers (A.V.M.C.). Ce projet vise \u00e0 contribuer \u00e0 l\u2019am\u00e9lioration des conditions de vie des membres de l\u2019association A.V.M.C et \u00e0 booster la production des pr\u00eats \u00e0 porter Faso dan fani dans la commune de Bogand\u00e9 et dans la province de la Gnagna en g\u00e9n\u00e9ral.<\/p>\n<p>Il s\u2019agira essentiellement d\u2019assurer la disponibilit\u00e9 permanente en pr\u00eats \u00e0 porter Faso dan fani, de constituer des stocks, de r\u00e9duire le d\u00e9ficit de v\u00eatements Faso dan fani et permettre l\u2019accroissement de la production culturelle. Selon le Directeur provincial de la Culture, des Arts et du Tourisme, Brahima Ou\u00e9draogo, son minist\u00e8re de tutelle est engag\u00e9 \u00e0 cr\u00e9er une dynamique de d\u00e9veloppement culturel et touristique fond\u00e9e sur les valeurs communes propres aux Burkinab\u00e8, les capacit\u00e9s entrepreneuriales et la cr\u00e9ativit\u00e9 des acteurs en vue de l\u2019\u00e9panouissement \u00e9conomique et social des populations. Il a exhort\u00e9 l\u2019association b\u00e9n\u00e9ficiaire \u00e0 \u0153uvrer \u00e0 l\u2019atteinte des objectifs fix\u00e9s afin de m\u00e9riter la confiance du partenaire financier, l\u2019Union europ\u00e9enne.<\/p>\n<p>\u00ab Nous allons nous mettre \u00e0 la t\u00e2che pour une bonne ex\u00e9cution du projet suivant les termes du contrat. D\u2019ores et d\u00e9j\u00e0 nous sollicitons l\u2019accompagnement de tout le monde \u00bb, a souhait\u00e9 le coordonnateur du projet \u201cConfection de pr\u00eats \u00e0 porter Faso dan fani\u201d, Moussa Yarga. Le tr\u00e9sorier de l\u2019A.V.M.C, Simon-Jude Tindano s\u2019est dit heureux de voir sa structure signer son premier contrat avec un partenaire. \u201cNos capacit\u00e9s seront renforc\u00e9es et cela participe \u00e0 nous rendre plus op\u00e9rationnels et professionnels au profit de la client\u00e8le\u201d. Le parrain de la c\u00e9r\u00e9monie de lancement du projet, Amos Dadioa Guitanga a promis, pour sa part, de s\u2019investir pleinement aux c\u00f4t\u00e9s de l\u2019A.V.M.C. pour une bonne mise en \u0153uvre de ses activit\u00e9s. Le projet a une dur\u00e9e d\u2019ex\u00e9cution de 8 mois.<\/p>\n<p>Pour le haut-commissaire de la Gnagna, Laurent Bado, le lancement de ces activit\u00e9s s\u2019inscrit dans le cadre de la vision d\u2019am\u00e9liorer le bien-\u00eatre socioculturel et \u00e9conomique des membres de l\u2019A.V.M.C. et de la population en g\u00e9n\u00e9ral. \u201cJ\u2019invite toutes les populations de la Gnagna \u00e0 faire de ce projet le leur en consommant les produits qui seront confectionn\u00e9s\u201d, a d\u00e9clar\u00e9 M. Bado. Le FDCT est un fonds national de financement cr\u00e9\u00e9 par d\u00e9cret n\u00b0216-729 \/ PRES \/ PM \/ MCAT \/ MINEFID du 08\/08\/2016 plac\u00e9 sous la tutelle technique du minist\u00e8re de la Culture, des Arts et du Tourisme et la tutelle financi\u00e8re du minist\u00e8re de l\u2019Economie des Finances et du D\u00e9veloppement. C\u2019est un fonds institu\u00e9 pour assurer le d\u00e9veloppement des industries touristiques, culturelles et cr\u00e9atives.<\/p>\n<p style=\"text-align: right\"><strong>Oy\u00e9 Ardjima Yempabou TINDANO <\/strong><\/p>\n<p>L\u2019article <a rel=\"nofollow\" href=\"https:\/\/www.sidwaya.info\/blog\/2021\/09\/26\/promotion-du-faso-dan-fani-un-projet-de-prets-a-porter-lance-a-bogande\/\">Promotion du Faso dan fani : un projet de \u201cpr\u00eats \u00e0 porter\u201d lanc\u00e9 \u00e0 Bogand\u00e9<\/a> est apparu en premier sur <a rel=\"nofollow\" href=\"https:\/\/www.sidwaya.info\/\">Quotidien Sidwaya<\/a>.<\/p>\n<\/div>\n<p>Auteur: JK. Sidwaya<br \/>\n<a href=\"https:\/\/www.sidwaya.info\/blog\/2021\/09\/26\/promotion-du-faso-dan-fani-un-projet-de-prets-a-porter-lance-a-bogande\/\">Cliquez ici pour lire l&rsquo;article depuis sa source.<\/a><\/p>\n","protected":false},"excerpt":{"rendered":"<p>Le projet \u00ab Confection de pr\u00eats \u00e0 porter Faso dan fani\u00bb a \u00e9t\u00e9 lanc\u00e9 le samedi 25 septembre 2021 \u00e0 Bogand\u00e9 par l\u2019Association une Vie, un M\u00e9tier de couturiers (A.V.M.C). D\u2019un co\u00fbt global de 18.258.337 de nos francs, le projet \u00ab Confection de pr\u00eats \u00e0 porter Faso dan fani\u00bb est financ\u00e9 \u00e0 85% par le [&hellip;]<\/p>\n","protected":false},"author":1816,"featured_media":0,"comment_status":"closed","ping_status":"closed","sticky":false,"template":"","format":"standard","meta":{"fifu_image_url":"","fifu_image_alt":"","footnotes":""},"categories":[73,81],"tags":[],"class_list":["post-128250","post","type-post","status-publish","format-standard","hentry","category-actualite","category-burkina-faso"],"_links":{"self":[{"href":"https:\/\/linitiative.ca\/International\/wp-json\/wp\/v2\/posts\/128250","targetHints":{"allow":["GET"]}}],"collection":[{"href":"https:\/\/linitiative.ca\/International\/wp-json\/wp\/v2\/posts"}],"about":[{"href":"https:\/\/linitiative.ca\/International\/wp-json\/wp\/v2\/types\/post"}],"author":[{"embeddable":true,"href":"https:\/\/linitiative.ca\/International\/wp-json\/wp\/v2\/users\/1816"}],"replies":[{"embeddable":true,"href":"https:\/\/linitiative.ca\/International\/wp-json\/wp\/v2\/comments?post=128250"}],"version-history":[{"count":0,"href":"https:\/\/linitiative.ca\/International\/wp-json\/wp\/v2\/posts\/128250\/revisions"}],"wp:attachment":[{"href":"https:\/\/linitiative.ca\/International\/wp-json\/wp\/v2\/media?parent=128250"}],"wp:term":[{"taxonomy":"category","embeddable":true,"href":"https:\/\/linitiative.ca\/International\/wp-json\/wp\/v2\/categories?post=128250"},{"taxonomy":"post_tag","embeddable":true,"href":"https:\/\/linitiative.ca\/International\/wp-json\/wp\/v2\/tags?post=128250"}],"curies":[{"name":"wp","href":"https:\/\/api.w.org\/{rel}","templated":true}]}}