{"id":128256,"date":"2021-09-26T02:17:33","date_gmt":"2021-09-26T06:17:33","guid":{"rendered":"https:\/\/linitiative.ca\/International\/cameroun-ouest-le-projet-dadduction-deau-de-la-commune-de-njimom-a-sa-phase-de-reception\/"},"modified":"2021-09-26T02:17:33","modified_gmt":"2021-09-26T06:17:33","slug":"cameroun-ouest-le-projet-dadduction-deau-de-la-commune-de-njimom-a-sa-phase-de-reception","status":"publish","type":"post","link":"https:\/\/linitiative.ca\/International\/cameroun-ouest-le-projet-dadduction-deau-de-la-commune-de-njimom-a-sa-phase-de-reception\/","title":{"rendered":"Cameroun-Ouest : Le Projet d\u2019adduction d\u2019eau de la commune de Njimom \u00e0 sa phase de r\u00e9ception"},"content":{"rendered":"<div>\n<p><img loading=\"lazy\" decoding=\"async\" width=\"720\" height=\"540\" src=\"https:\/\/linitiative.ca\/International\/wp-content\/uploads\/sites\/23\/2021\/09\/FB_IMG_1632587607704.jpg\" class=\"attachment-post-thumbnail size-post-thumbnail wp-post-image\" alt=\"\" srcset=\"https:\/\/linitiative.ca\/International\/wp-content\/uploads\/sites\/23\/2021\/09\/FB_IMG_1632587607704.jpg 720w, https:\/\/www.journalducameroun.com\/wp-content\/uploads\/2021\/09\/FB_IMG_1632587607704-300x225.jpg 300w, https:\/\/www.journalducameroun.com\/wp-content\/uploads\/2021\/09\/FB_IMG_1632587607704-587x440.jpg 587w, https:\/\/www.journalducameroun.com\/wp-content\/uploads\/2021\/09\/FB_IMG_1632587607704-600x450.jpg 600w\" sizes=\"auto, (max-width: 720px) 100vw, 720px\"><\/p>\n<div id=\"m#msg-f:1711897537440148225\" class=\"mail-message expanded\">\n<h5 class=\"mail-message-header spacer\" style=\"text-align: justify;\">Lanc\u00e9 en 2020, le projet vient de devenir une r\u00e9alit\u00e9 pour les populations.<\/h5>\n<div style=\"text-align: justify;\"><\/div>\n<div class=\"mail-message-content collapsible zoom-normal mail-show-images \" style=\"text-align: justify;\">\n<div class=\"clear\">\n<div><\/div>\n<div id=\"m_-4783225548766779250ymail_android_signature\">\n<div><\/div>\n<div id=\"m_-4783225548766779250yMail_cursorElementTracker_1632588419458\">Le maire de la <strong>commune de Njimom<\/strong> dans le d\u00e9partement du Noun, r\u00e9gion de l&rsquo;Ouest,\u00a0 Njifen Adamou, a accompagn\u00e9 le 25 Septembre, le Directeur g\u00e9n\u00e9ral du Fonds sp\u00e9cial d&rsquo;\u00e9quipement et (Feicom), <strong>Phillipe\u00a0 Camille Akoa<\/strong>, toucher du doigt,\u00a0 le Projet d&rsquo;adduction d&rsquo;eau dont le Ma\u00eetre d&rsquo;ouvrage est la Commune de Njimom. Ce projet qui se r\u00e9alise sous fond de financement du Feicom informe la commune Njimom, est \u00ab\u00a0\u00e0 sa phase de r\u00e9ception\u00a0\u00bb.<\/div>\n<div><\/div>\n<div id=\"m_-4783225548766779250yMail_cursorElementTracker_1632588830896\">Notons que le Projet d&rsquo;adduction d&rsquo;eau de la ville de Njimom a \u00e9t\u00e9 lanc\u00e9 en 2020. Il est constitu\u00e9 notamment d&rsquo;un r\u00e9servoir de stockage, et d&rsquo;un r\u00e9seau de distribution qui permettra d&rsquo;am\u00e9liorer l&rsquo;acc\u00e8s en eau sur le territoire.<\/div>\n<\/div>\n<div><img loading=\"lazy\" decoding=\"async\" class=\"alignnone size-full wp-image-395213\" src=\"https:\/\/linitiative.ca\/International\/wp-content\/uploads\/sites\/23\/2021\/09\/FB_IMG_1632587469899.jpg\" alt=\"\" width=\"381\" height=\"677\"><\/div>\n<div id=\"m_-4783225548766779250ymail_android_signature\">\n<div id=\"m_-4783225548766779250yMail_cursorElementTracker_1632590205943\">\n<div><\/div>\n<div id=\"m_-4783225548766779250yMail_cursorElementTracker_1632590231574\">9000 personnes pourront b\u00e9n\u00e9ficier de ce projet qui illustre notre engagement dans le secteur de l&rsquo;eau.<\/div>\n<div id=\"m_-4783225548766779250yMail_cursorElementTracker_1632590205943\"><\/div>\n<div id=\"m_-4783225548766779250yMail_cursorElementTracker_1632590216044\">Enfin, notons que ce projet s&rsquo;inscrit dans l&rsquo;op\u00e9rationnalisation de la Strat\u00e9gie nationale de D\u00e9veloppement qui prescrit la r\u00e9duction du d\u00e9ficit d&rsquo;acc\u00e8s en eau pour les m\u00e9nages.<\/div>\n<div id=\"m_-4783225548766779250yMail_cursorElementTracker_1632590220236\"><\/div>\n<div id=\"m_-4783225548766779250yMail_cursorElementTracker_1632590220471\"><\/div>\n<\/div>\n<\/div>\n<\/div>\n<\/div>\n<div class=\"mail-message-footer spacer collapsible\" style=\"text-align: justify;\"><\/div>\n<\/div>\n<p>Cet article <a rel=\"nofollow\" href=\"https:\/\/www.journalducameroun.com\/cameroun-ouest-le-projet-dadduction-deau-de-la-commune-de-njimom-a-sa-phase-de-reception\/\">Cameroun-Ouest : Le Projet d\u2019adduction d\u2019eau de la commune de Njimom \u00e0 sa phase de r\u00e9ception<\/a> est apparu en premier sur <a rel=\"nofollow\" href=\"https:\/\/www.journalducameroun.com\/\">Journal du Cameroun<\/a>.<\/p>\n<\/div>\n<p>Auteur: Christian DJIMADEU<br \/>\n<a href=\"https:\/\/www.journalducameroun.com\/cameroun-ouest-le-projet-dadduction-deau-de-la-commune-de-njimom-a-sa-phase-de-reception\/\">Cliquez ici pour lire l&rsquo;article depuis sa source.<\/a><\/p>\n","protected":false},"excerpt":{"rendered":"<p>Lanc\u00e9 en 2020, le projet vient de devenir une r\u00e9alit\u00e9 pour les populations. Le maire de la commune de Njimom dans le d\u00e9partement du Noun, r\u00e9gion de l&rsquo;Ouest,\u00a0 Njifen Adamou, a accompagn\u00e9 le 25 Septembre, le Directeur g\u00e9n\u00e9ral du Fonds sp\u00e9cial d&rsquo;\u00e9quipement et (Feicom), Phillipe\u00a0 Camille Akoa, toucher du doigt,\u00a0 le Projet d&rsquo;adduction d&rsquo;eau dont [&hellip;]<\/p>\n","protected":false},"author":1965,"featured_media":0,"comment_status":"closed","ping_status":"closed","sticky":false,"template":"","format":"standard","meta":{"fifu_image_url":"https:\/\/www.journalducameroun.com\/wp-content\/uploads\/2021\/09\/FB_IMG_1632587607704.jpg","fifu_image_alt":"Cameroun-Ouest : Le Projet d\u2019adduction d\u2019eau de la commune de Njimom \u00e0 sa phase de r\u00e9ception","footnotes":""},"categories":[73,82],"tags":[],"class_list":["post-128256","post","type-post","status-publish","format-standard","hentry","category-actualite","category-cameroun"],"_links":{"self":[{"href":"https:\/\/linitiative.ca\/International\/wp-json\/wp\/v2\/posts\/128256","targetHints":{"allow":["GET"]}}],"collection":[{"href":"https:\/\/linitiative.ca\/International\/wp-json\/wp\/v2\/posts"}],"about":[{"href":"https:\/\/linitiative.ca\/International\/wp-json\/wp\/v2\/types\/post"}],"author":[{"embeddable":true,"href":"https:\/\/linitiative.ca\/International\/wp-json\/wp\/v2\/users\/1965"}],"replies":[{"embeddable":true,"href":"https:\/\/linitiative.ca\/International\/wp-json\/wp\/v2\/comments?post=128256"}],"version-history":[{"count":0,"href":"https:\/\/linitiative.ca\/International\/wp-json\/wp\/v2\/posts\/128256\/revisions"}],"wp:attachment":[{"href":"https:\/\/linitiative.ca\/International\/wp-json\/wp\/v2\/media?parent=128256"}],"wp:term":[{"taxonomy":"category","embeddable":true,"href":"https:\/\/linitiative.ca\/International\/wp-json\/wp\/v2\/categories?post=128256"},{"taxonomy":"post_tag","embeddable":true,"href":"https:\/\/linitiative.ca\/International\/wp-json\/wp\/v2\/tags?post=128256"}],"curies":[{"name":"wp","href":"https:\/\/api.w.org\/{rel}","templated":true}]}}