{"id":128261,"date":"2021-09-26T08:18:01","date_gmt":"2021-09-26T12:18:01","guid":{"rendered":"https:\/\/linitiative.ca\/International\/medias-ivoiriens-les-laureats-du-prix-caidp-seront-connus-le-28-septembre\/"},"modified":"2021-09-26T08:18:01","modified_gmt":"2021-09-26T12:18:01","slug":"medias-ivoiriens-les-laureats-du-prix-caidp-seront-connus-le-28-septembre","status":"publish","type":"post","link":"https:\/\/linitiative.ca\/International\/medias-ivoiriens-les-laureats-du-prix-caidp-seront-connus-le-28-septembre\/","title":{"rendered":"M\u00e9dias ivoiriens: les laur\u00e9ats du Prix Caidp seront connus le 28 septembre"},"content":{"rendered":"<div>\n<p><img loading=\"lazy\" decoding=\"async\" width=\"275\" height=\"183\" src=\"https:\/\/linitiative.ca\/International\/wp-content\/uploads\/sites\/23\/2021\/09\/16326586823963.jpg\" class=\"attachment-post-thumbnail size-post-thumbnail wp-post-image\" alt=\"\"><\/p>\n<p>Les laur\u00e9ats du prix CAIDP pour l&rsquo;acc\u00e8s \u00e0 l&rsquo;information, en C\u00f4te d&rsquo;Ivoire, visant la promotion des grands genres journalistiques (enqu\u00eate, reportage, interview), seront connus le 28 septembre 2021.<\/p>\n<p>\u00ab\u00a0Nous avons boucl\u00e9 les travaux de d\u00e9lib\u00e9ration (\u2026 ) rendez-vous le 28 septembre 2021\u00a0\u00bb, a d\u00e9clar\u00e9 Mam Camara, le pr\u00e9sident du jury du Prix Caidp.\u00a0<\/p>\n<p>Le jury du Prix Caidp du R\u00e9seau des journalistes pour l&rsquo;acc\u00e8s \u00e0 l&rsquo;information (Rejaip-ci) a finalis\u00e9 mardi ses travaux au si\u00e8ge de la Commission d&rsquo;acc\u00e8s \u00e0 \u00a0l&rsquo;information d&rsquo;int\u00e9r\u00eat public et aux documents publics (Caidp).\u00a0<\/p>\n<p>Ils ont eu 4 heures de temps de d\u00e9lib\u00e9ration pour d\u00e9terminer les cinq laur\u00e9ats \u00a0de la troisi\u00e8me \u00e9dition du Prix Caidp du R\u00e9seau des journalistes pour l&rsquo;acc\u00e8s \u00e0 l&rsquo;information (Rejaip-CI).\u00a0<\/p>\n<p>Selon le pr\u00e9sident du jury, Mam Camara, ancien pr\u00e9sident de l&rsquo;Union nationale des journalistes (Unjci), la 5e \u00e9dition du concours de la meilleure investigation du \u00ab\u00a0Prix CAIDP\u00a0\u00bb verra cinq prix qui seront d\u00e9cern\u00e9s. \u00a0\u00a0<\/p>\n<p>On a Le Grand prix Caidp, le 2\u00e8me Prix, le 3\u00e8me Prix, le Prix d&rsquo;Encouragement K\u00e9b\u00e9 Yacouba et le Prix de la Meilleure Production Journalistique \u00ab Acc\u00e8s \u00e0 l&rsquo;Information, M\u00e9dias et Migration \u00bb soutenu par l&rsquo;Unesco.<\/p>\n<p>Dix-neuf journalistes sont en comp\u00e9tition sur 26 productions pr\u00e9sent\u00e9es au jury. L&rsquo;on d\u00e9nombre six productions au niveau de la presse num\u00e9rique. \u00a0\u00a0<\/p>\n<p>Les Prix Caidp, \u00e9dition 2021, seront d\u00e9cern\u00e9s le \u00a028 septembre \u00e0 l&rsquo;occasion de la c\u00e9l\u00e9bration de la Journ\u00e9e internationale de l&rsquo;acc\u00e8s universel \u00e0 l&rsquo;information.<\/p>\n<p>Cet article <a rel=\"nofollow\" href=\"https:\/\/www.journalducameroun.com\/medias-ivoiriens-les-laureats-du-prix-caidp-seront-connus-le-28-septembre\/\">M\u00e9dias ivoiriens: les laur\u00e9ats du Prix Caidp seront connus le 28 septembre<\/a> est apparu en premier sur <a rel=\"nofollow\" href=\"https:\/\/www.journalducameroun.com\/\">Journal du Cameroun<\/a>.<\/p>\n<\/div>\n<p>Auteur: APA News<br \/>\n<a href=\"https:\/\/www.journalducameroun.com\/medias-ivoiriens-les-laureats-du-prix-caidp-seront-connus-le-28-septembre\/\">Cliquez ici pour lire l&rsquo;article depuis sa source.<\/a><\/p>\n","protected":false},"excerpt":{"rendered":"<p>Les laur\u00e9ats du prix CAIDP pour l&rsquo;acc\u00e8s \u00e0 l&rsquo;information, en C\u00f4te d&rsquo;Ivoire, visant la promotion des grands genres journalistiques (enqu\u00eate, reportage, interview), seront connus le 28 septembre 2021. \u00ab\u00a0Nous avons boucl\u00e9 les travaux de d\u00e9lib\u00e9ration (\u2026 ) rendez-vous le 28 septembre 2021\u00a0\u00bb, a d\u00e9clar\u00e9 Mam Camara, le pr\u00e9sident du jury du Prix Caidp.\u00a0 Le jury [&hellip;]<\/p>\n","protected":false},"author":1965,"featured_media":0,"comment_status":"closed","ping_status":"closed","sticky":false,"template":"","format":"standard","meta":{"fifu_image_url":"https:\/\/www.journalducameroun.com\/wp-content\/uploads\/2021\/09\/16326586823963.jpg","fifu_image_alt":"M\u00e9dias ivoiriens: les laur\u00e9ats du Prix Caidp seront connus le 28 septembre","footnotes":""},"categories":[73,82],"tags":[],"class_list":["post-128261","post","type-post","status-publish","format-standard","hentry","category-actualite","category-cameroun"],"_links":{"self":[{"href":"https:\/\/linitiative.ca\/International\/wp-json\/wp\/v2\/posts\/128261","targetHints":{"allow":["GET"]}}],"collection":[{"href":"https:\/\/linitiative.ca\/International\/wp-json\/wp\/v2\/posts"}],"about":[{"href":"https:\/\/linitiative.ca\/International\/wp-json\/wp\/v2\/types\/post"}],"author":[{"embeddable":true,"href":"https:\/\/linitiative.ca\/International\/wp-json\/wp\/v2\/users\/1965"}],"replies":[{"embeddable":true,"href":"https:\/\/linitiative.ca\/International\/wp-json\/wp\/v2\/comments?post=128261"}],"version-history":[{"count":0,"href":"https:\/\/linitiative.ca\/International\/wp-json\/wp\/v2\/posts\/128261\/revisions"}],"wp:attachment":[{"href":"https:\/\/linitiative.ca\/International\/wp-json\/wp\/v2\/media?parent=128261"}],"wp:term":[{"taxonomy":"category","embeddable":true,"href":"https:\/\/linitiative.ca\/International\/wp-json\/wp\/v2\/categories?post=128261"},{"taxonomy":"post_tag","embeddable":true,"href":"https:\/\/linitiative.ca\/International\/wp-json\/wp\/v2\/tags?post=128261"}],"curies":[{"name":"wp","href":"https:\/\/api.w.org\/{rel}","templated":true}]}}