{"id":128273,"date":"2021-09-27T11:00:10","date_gmt":"2021-09-27T15:00:10","guid":{"rendered":"https:\/\/linitiative.ca\/International\/malick-sidibe-henri-cartier-bresson-et-touhami-ennadre-a-laffiche\/"},"modified":"2021-09-27T11:00:10","modified_gmt":"2021-09-27T15:00:10","slug":"malick-sidibe-henri-cartier-bresson-et-touhami-ennadre-a-laffiche","status":"publish","type":"post","link":"https:\/\/linitiative.ca\/International\/malick-sidibe-henri-cartier-bresson-et-touhami-ennadre-a-laffiche\/","title":{"rendered":"Malick Sidib\u00e9, Henri Cartier-Bresson et Touhami Ennadre \u00e0 l\u2019affiche"},"content":{"rendered":"<div>\n<p><img decoding=\"async\" width=\"300\" height=\"153\" src=\"https:\/\/linitiative.ca\/International\/wp-content\/uploads\/sites\/23\/2021\/09\/Malick-Sidibe-Henri-Cartier-Bresson-et-Touhami-300x153-1.jpg\" class=\"attachment-medium size-medium wp-post-image\" alt=\"\" loading=\"lazy\" srcset=\"\/\/aujourdhui.ma\/wp-content\/uploads\/2021\/09\/Malick-Sidibe-Henri-Cartier-Bresson-et-Touhami-300x153.jpg 300w, \/\/aujourdhui.ma\/wp-content\/uploads\/2021\/09\/Malick-Sidibe-Henri-Cartier-Bresson-et-Touhami-274x140.jpg 274w, \/\/aujourdhui.ma\/wp-content\/uploads\/2021\/09\/Malick-Sidibe-Henri-Cartier-Bresson-et-Touhami.jpg 746w, \/\/aujourdhui.ma\/wp-content\/uploads\/2021\/09\/Malick-Sidibe-Henri-Cartier-Bresson-et-Touhami-165x84.jpg 165w, \/\/aujourdhui.ma\/wp-content\/uploads\/2021\/09\/Malick-Sidibe-Henri-Cartier-Bresson-et-Touhami-702x358.jpg 702w\" sizes=\"auto, (max-width: 300px) 100vw, 300px\"><\/p>\n<p><span style=\"color: #800000;\"><strong>La Fondation nationale des mus\u00e9es d\u00e9voile sa nouvelle saison<\/strong><\/span><span id=\"more-387659\"><\/span><\/p>\n<p>La rentr\u00e9e culturelle (2021-2022) de la Fondation nationale des mus\u00e9es (FNM) s\u2019annonce exceptionnelle et dense. Elle met en vedette l\u2019art de la photographie dans tous ses \u00e9tats. Au programme, quatre grandes exposition in\u00e9dites. A commencer par l\u2019exposition intitul\u00e9e \u00abAfrique vue par ses photographes, de Malick Sidib\u00e9 \u00e0 nos jours\u00bb, pr\u00e9vue \u00e0 partir le 13 octobre au Mus\u00e9e Mohammed VI d\u2019art moderne et contemporain (MMVI). Selon la FNM, \u00abcette exposition est un hommage \u00e0 l\u2019artiste malien et \u00e0 toute une g\u00e9n\u00e9ration de jeunes photographes de la sc\u00e8ne africaine contemporaine, qui interrogent l\u2019avenir du continent africain\u00bb.<\/p>\n<p><a href=\"https:\/\/aujourdhui.ma\/wp-content\/uploads\/2021\/09\/lartiste-photographe-marocain-Touhami-Ennadre-et-Houda-Kabbaj-scaled.jpg\"><img decoding=\"async\" loading=\"lazy\" class=\"wp-image-387662 aligncenter\" src=\"https:\/\/linitiative.ca\/International\/wp-content\/uploads\/sites\/23\/2021\/09\/lartiste-photographe-marocain-Touhami-Ennadre-et-Houda-Kabbaj-1024x952-1.jpg\" alt=\"\" width=\"740\" height=\"688\" srcset=\"\/\/aujourdhui.ma\/wp-content\/uploads\/2021\/09\/lartiste-photographe-marocain-Touhami-Ennadre-et-Houda-Kabbaj-1024x952.jpg 1024w, \/\/aujourdhui.ma\/wp-content\/uploads\/2021\/09\/lartiste-photographe-marocain-Touhami-Ennadre-et-Houda-Kabbaj-300x279.jpg 300w, \/\/aujourdhui.ma\/wp-content\/uploads\/2021\/09\/lartiste-photographe-marocain-Touhami-Ennadre-et-Houda-Kabbaj-768x714.jpg 768w, \/\/aujourdhui.ma\/wp-content\/uploads\/2021\/09\/lartiste-photographe-marocain-Touhami-Ennadre-et-Houda-Kabbaj-1536x1428.jpg 1536w, \/\/aujourdhui.ma\/wp-content\/uploads\/2021\/09\/lartiste-photographe-marocain-Touhami-Ennadre-et-Houda-Kabbaj-2048x1904.jpg 2048w\" sizes=\"auto, (max-width: 740px) 100vw, 740px\"><\/a><\/p>\n<p>Dans le m\u00eame mus\u00e9e, les clich\u00e9s mondialement connus d\u2019Henri Cartier-Bresson, l\u2019un des plus grands photographes fran\u00e7ais du XXe si\u00e8cle, seront pr\u00e9sent\u00e9s en novembre. \u00abC\u2019est une exposition \u00e9ponyme, premi\u00e8re sur le continent africain, qui pr\u00e9sente la vision intime de l\u2019artiste et les \u00e9v\u00e9nements historiques dont il fut t\u00e9moin\u00bb, explique la m\u00eame source. Au programme \u00e9galement de cette nouvelle saison, l\u2019exposition \u00abDe rage et de d\u00e9sirs, le coeur battant des hommes\u00bb de G\u00e9rard Rancinan et Caroline Gaudriault. En effet, les photographies magistrales de ces deux artistes habilleront les cimaises du MMVI. \u00abC\u2019est une exposition d\u2019images charg\u00e9es en symbolisme sur la force humaine faite d\u2019oppositions et de paradoxes\u00bb, rel\u00e8ve la FNM. Le c\u00e9l\u00e8bre artiste marocain Touhami Ennadre va cl\u00f4turer cette saison photographique. Il expose pour la premi\u00e8re fois son oeuvre au MMVI, compos\u00e9e de photographies exclusivement en noir et blanc, \u00e0 la fois \u00e9nigmatiques et tragiques, prises aux quatre coins du monde. En parall\u00e8le de ces expositions, la FNM annonce la r\u00e9ouverture de nouveaux mus\u00e9es.<\/p>\n<p>D\u2019ailleurs, elle va ouvrir, le 29 novembre, un nouvel espace mus\u00e9al contemporain \u00e0 Tanger, alors que le 13 d\u00e9cembre verra la r\u00e9ouverture \u00e0 T\u00e9touan du Mus\u00e9e ethnographique Bab Okla, apr\u00e8s plusieurs mois de r\u00e9novation. La ville de Mekn\u00e8s, quant \u00e0 elle, verra l\u2019inauguration, le 14 d\u00e9cembre, du Mus\u00e9e de la musique \u00e0 Dar Jama\u00ef. Par ailleurs, la FNM invite \u00e0 s\u2019informer sur cette riche et diversifi\u00e9e programmation culturelle \u00e0 travers ses plateformes, \u00e0 savoir les pages Facebook, Instagram et le site \u00e9lectronique (www.fnm.ma).<\/p>\n<\/div>\n<p>Auteur: ALM<br \/>\n<a href=\"https:\/\/aujourdhui.ma\/culture\/malick-sidibe-henri-cartier-bresson-et-touhami-ennadre-a-laffiche\">Cliquez ici pour lire l&rsquo;article depuis sa source.<\/a><\/p>\n","protected":false},"excerpt":{"rendered":"<p>La Fondation nationale des mus\u00e9es d\u00e9voile sa nouvelle saison La rentr\u00e9e culturelle (2021-2022) de la Fondation nationale des mus\u00e9es (FNM) s\u2019annonce exceptionnelle et dense. Elle met en vedette l\u2019art de la photographie dans tous ses \u00e9tats. Au programme, quatre grandes exposition in\u00e9dites. A commencer par l\u2019exposition intitul\u00e9e \u00abAfrique vue par ses photographes, de Malick Sidib\u00e9 [&hellip;]<\/p>\n","protected":false},"author":1759,"featured_media":0,"comment_status":"closed","ping_status":"closed","sticky":false,"template":"","format":"standard","meta":{"fifu_image_url":"https:\/\/aujourdhui.ma\/wp-content\/uploads\/2021\/09\/Malick-Sidibe-Henri-Cartier-Bresson-et-Touhami-300x153.jpg","fifu_image_alt":"Malick Sidib\u00e9, Henri Cartier-Bresson et Touhami Ennadre \u00e0 l\u2019affiche","footnotes":""},"categories":[73,54],"tags":[],"class_list":["post-128273","post","type-post","status-publish","format-standard","hentry","category-actualite","category-maroc"],"_links":{"self":[{"href":"https:\/\/linitiative.ca\/International\/wp-json\/wp\/v2\/posts\/128273","targetHints":{"allow":["GET"]}}],"collection":[{"href":"https:\/\/linitiative.ca\/International\/wp-json\/wp\/v2\/posts"}],"about":[{"href":"https:\/\/linitiative.ca\/International\/wp-json\/wp\/v2\/types\/post"}],"author":[{"embeddable":true,"href":"https:\/\/linitiative.ca\/International\/wp-json\/wp\/v2\/users\/1759"}],"replies":[{"embeddable":true,"href":"https:\/\/linitiative.ca\/International\/wp-json\/wp\/v2\/comments?post=128273"}],"version-history":[{"count":0,"href":"https:\/\/linitiative.ca\/International\/wp-json\/wp\/v2\/posts\/128273\/revisions"}],"wp:attachment":[{"href":"https:\/\/linitiative.ca\/International\/wp-json\/wp\/v2\/media?parent=128273"}],"wp:term":[{"taxonomy":"category","embeddable":true,"href":"https:\/\/linitiative.ca\/International\/wp-json\/wp\/v2\/categories?post=128273"},{"taxonomy":"post_tag","embeddable":true,"href":"https:\/\/linitiative.ca\/International\/wp-json\/wp\/v2\/tags?post=128273"}],"curies":[{"name":"wp","href":"https:\/\/api.w.org\/{rel}","templated":true}]}}