{"id":128276,"date":"2021-09-27T11:00:48","date_gmt":"2021-09-27T15:00:48","guid":{"rendered":"https:\/\/linitiative.ca\/International\/les-regions-pour-amorcer-la-relance\/"},"modified":"2021-09-27T11:00:48","modified_gmt":"2021-09-27T15:00:48","slug":"les-regions-pour-amorcer-la-relance","status":"publish","type":"post","link":"https:\/\/linitiative.ca\/International\/les-regions-pour-amorcer-la-relance\/","title":{"rendered":"Les r\u00e9gions pour amorcer la relance"},"content":{"rendered":"<div>\n<p><img decoding=\"async\" width=\"300\" height=\"153\" src=\"https:\/\/linitiative.ca\/International\/wp-content\/uploads\/sites\/23\/2021\/09\/ONMT-Adel-El-Fakir-300x153-1.jpg\" class=\"attachment-medium size-medium wp-post-image\" alt=\"\" loading=\"lazy\" srcset=\"\/\/aujourdhui.ma\/wp-content\/uploads\/2021\/09\/ONMT-Adel-El-Fakir-300x153.jpg 300w, \/\/aujourdhui.ma\/wp-content\/uploads\/2021\/09\/ONMT-Adel-El-Fakir-274x140.jpg 274w, \/\/aujourdhui.ma\/wp-content\/uploads\/2021\/09\/ONMT-Adel-El-Fakir.jpg 746w, \/\/aujourdhui.ma\/wp-content\/uploads\/2021\/09\/ONMT-Adel-El-Fakir-165x84.jpg 165w, \/\/aujourdhui.ma\/wp-content\/uploads\/2021\/09\/ONMT-Adel-El-Fakir-702x358.jpg 702w\" sizes=\"auto, (max-width: 300px) 100vw, 300px\"><\/p>\n<p><span style=\"font-size: 20px; color: #800000;\"><strong>Elles peuvent contribuer grandement \u00e0 am\u00e9liorer l\u2019offre touristique<\/strong><\/span><span id=\"more-387634\"><\/span><\/p>\n<p><span style=\"color: #ff0000;\">\u00abCette tourn\u00e9e nous permet donc de confronter notre strat\u00e9gie avec celle des op\u00e9rateurs pour en sortir l\u2019essence et faire \u00e9merger des concepts novateurs et f\u00e9d\u00e9rateurs\u00bb.<\/span><\/p>\n<p>Afin de r\u00e9ussir la relance, tous les acteurs du tourisme ont leur r\u00f4le \u00e0 jouer. Dans ce sch\u00e9ma, les r\u00e9gions peuvent contribuer grandement \u00e0 am\u00e9liorer l\u2019offre touristique. Le souhait de les faire adh\u00e9rer \u00e0 la relance s\u2019est d\u2019ailleurs manifest\u00e9 lors des Tourism Marketing Days r\u00e9gionaux qui se sont d\u00e9roul\u00e9s le 5 mai 2021. Cet \u00e9v\u00e8nement avait r\u00e9uni les pr\u00e9sidents des Conseils r\u00e9gionaux du tourisme autour d\u2019Adel El Fakir, directeur g\u00e9n\u00e9ral de l\u2019Office national marocain du tourisme (ONMT) et de ses \u00e9quipes.<\/p>\n<p>La finalit\u00e9 \u00e9tant de plancher sur la red\u00e9finition de la strat\u00e9gie de promotion des r\u00e9gions et la mise en place des marques touristiques r\u00e9gionales. \u00abNous sommes convaincus de la n\u00e9cessit\u00e9 de la mise en place de strat\u00e9gies r\u00e9gionales en mati\u00e8re de promotion touristique car chaque r\u00e9gion a ses sp\u00e9cificit\u00e9s que nous devons affiner pour en faire des marques touristiques fortes qui permettront un rayonnement tant national qu\u2019international et qui vont au-del\u00e0 faire rayonner la marque Maroc dans son ensemble\u00bb, souligne M. El Fakir.<\/p>\n<p>Dans cette perspective, l\u2019objectif \u00e9tant de doter chaque r\u00e9gion ainsi que les principales destinations qui la composent de \u00abKit Brand\u00bb complets qui vont de la plateforme marketing produit bas\u00e9e sur l\u2019offre touristique unique et les attributs diff\u00e9renciateurs jusqu\u2019\u00e0 la production de contenus aussi bien pour le digital, les r\u00e9seaux sociaux, la TV, la radio, la presse \u00e9crite et online et l\u2019affichage urbain, en passant par la charte de marque. En plus de cette rencontre, les \u00e9quipes de l\u2019ONMT se sont rendues dans plusieurs r\u00e9gions du Royaume afin de pr\u00e9parer le plan de relance du secteur en mati\u00e8re de promotion. En un temps relativement court, Adel El Fakir et ses \u00e9quipes se sont d\u00e9plac\u00e9s dans plusieurs villes comme Dakhla, Tanger, Casablanca, F\u00e8s, Rabat et Marrakech.<\/p>\n<p>Un p\u00e9riple qui leur a permis d\u2019affiner la strat\u00e9gie sectorielle pour chaque r\u00e9gion. \u00abNous voulons \u00e0 l\u2019Office faire de chaque destination une marque forte, unique, en phase avec son temps\u2026 Cette tourn\u00e9e nous permet donc de confronter notre strat\u00e9gie avec celle des op\u00e9rateurs pour en sortir l\u2019essence et faire \u00e9merger des concepts novateurs et f\u00e9d\u00e9rateurs\u00bb, rel\u00e8ve le DG. Parall\u00e8lement \u00e0 cette tourn\u00e9e des r\u00e9gions, l\u2019Office avait entrepris plusieurs actions pour booster l\u2019activit\u00e9 touristique dans les r\u00e9gions, comme le lancement de nouvelles lignes a\u00e9riennes avec la Royal Air Maroc, mais aussi des compagnies \u00e9trang\u00e8res telles EasyJet, Transavia ou encore Air France. \u00abLe travail dans l\u2019action est aujourd\u2019hui l\u2019approche de l\u2019ONMT car nous savons combien les actions que nous menons actuellement, dans la lign\u00e9e de la strat\u00e9gie initi\u00e9e par Nadia Fettah Alaoui, ministre du tourisme, du transport a\u00e9rien, de l\u2019artisanat et de l\u2019\u00e9conomie sociale, auront un impact sur la relance, tant attendue, du secteur\u00bb, d\u00e9clare Adel El Fakir.<\/p>\n<\/div>\n<p>Auteur: ALM<br \/>\n<a href=\"https:\/\/aujourdhui.ma\/economie\/les-regions-pour-amorcer-la-relance\">Cliquez ici pour lire l&rsquo;article depuis sa source.<\/a><\/p>\n","protected":false},"excerpt":{"rendered":"<p>Elles peuvent contribuer grandement \u00e0 am\u00e9liorer l\u2019offre touristique \u00abCette tourn\u00e9e nous permet donc de confronter notre strat\u00e9gie avec celle des op\u00e9rateurs pour en sortir l\u2019essence et faire \u00e9merger des concepts novateurs et f\u00e9d\u00e9rateurs\u00bb. Afin de r\u00e9ussir la relance, tous les acteurs du tourisme ont leur r\u00f4le \u00e0 jouer. Dans ce sch\u00e9ma, les r\u00e9gions peuvent contribuer [&hellip;]<\/p>\n","protected":false},"author":1759,"featured_media":0,"comment_status":"closed","ping_status":"closed","sticky":false,"template":"","format":"standard","meta":{"fifu_image_url":"https:\/\/aujourdhui.ma\/wp-content\/uploads\/2021\/09\/ONMT-Adel-El-Fakir-300x153.jpg","fifu_image_alt":"Les r\u00e9gions pour amorcer la relance","footnotes":""},"categories":[73,54],"tags":[],"class_list":["post-128276","post","type-post","status-publish","format-standard","hentry","category-actualite","category-maroc"],"_links":{"self":[{"href":"https:\/\/linitiative.ca\/International\/wp-json\/wp\/v2\/posts\/128276","targetHints":{"allow":["GET"]}}],"collection":[{"href":"https:\/\/linitiative.ca\/International\/wp-json\/wp\/v2\/posts"}],"about":[{"href":"https:\/\/linitiative.ca\/International\/wp-json\/wp\/v2\/types\/post"}],"author":[{"embeddable":true,"href":"https:\/\/linitiative.ca\/International\/wp-json\/wp\/v2\/users\/1759"}],"replies":[{"embeddable":true,"href":"https:\/\/linitiative.ca\/International\/wp-json\/wp\/v2\/comments?post=128276"}],"version-history":[{"count":0,"href":"https:\/\/linitiative.ca\/International\/wp-json\/wp\/v2\/posts\/128276\/revisions"}],"wp:attachment":[{"href":"https:\/\/linitiative.ca\/International\/wp-json\/wp\/v2\/media?parent=128276"}],"wp:term":[{"taxonomy":"category","embeddable":true,"href":"https:\/\/linitiative.ca\/International\/wp-json\/wp\/v2\/categories?post=128276"},{"taxonomy":"post_tag","embeddable":true,"href":"https:\/\/linitiative.ca\/International\/wp-json\/wp\/v2\/tags?post=128276"}],"curies":[{"name":"wp","href":"https:\/\/api.w.org\/{rel}","templated":true}]}}