{"id":128278,"date":"2021-09-27T11:22:34","date_gmt":"2021-09-27T15:22:34","guid":{"rendered":"https:\/\/linitiative.ca\/International\/covid-19-maroc-la-situation-epidemiologique-au-27-septembre-2021-a-16h00\/"},"modified":"2021-09-27T11:22:34","modified_gmt":"2021-09-27T15:22:34","slug":"covid-19-maroc-la-situation-epidemiologique-au-27-septembre-2021-a-16h00","status":"publish","type":"post","link":"https:\/\/linitiative.ca\/International\/covid-19-maroc-la-situation-epidemiologique-au-27-septembre-2021-a-16h00\/","title":{"rendered":"Covid-19 \/ Maroc : La situation \u00e9pid\u00e9miologique au 27 septembre 2021 \u00e0 16H00"},"content":{"rendered":"<div>\n<p><img decoding=\"async\" width=\"300\" height=\"153\" src=\"https:\/\/linitiative.ca\/International\/wp-content\/uploads\/sites\/23\/2021\/09\/coronavirus-covid19-Maroc-1-300x153-1.jpg\" class=\"attachment-medium size-medium wp-post-image\" alt=\"\" loading=\"lazy\" srcset=\"\/\/aujourdhui.ma\/wp-content\/uploads\/2021\/09\/coronavirus-covid19-Maroc-1-300x153.jpg 300w, \/\/aujourdhui.ma\/wp-content\/uploads\/2021\/09\/coronavirus-covid19-Maroc-1-274x140.jpg 274w, \/\/aujourdhui.ma\/wp-content\/uploads\/2021\/09\/coronavirus-covid19-Maroc-1.jpg 746w, \/\/aujourdhui.ma\/wp-content\/uploads\/2021\/09\/coronavirus-covid19-Maroc-1-165x84.jpg 165w, \/\/aujourdhui.ma\/wp-content\/uploads\/2021\/09\/coronavirus-covid19-Maroc-1-702x358.jpg 702w\" sizes=\"auto, (max-width: 300px) 100vw, 300px\"><\/p>\n<p><span style=\"font-size: 20px; color: #800000;\"><strong>Entre hier \u00e0 16H00 et aujourd\u2019hui \u00e0 16H00<\/strong><\/span><span id=\"more-386846\"><\/span><span id=\"more-387079\"><\/span><span id=\"more-387263\"><\/span><span id=\"more-387679\"><\/span><\/p>\n<p>394 nouveaux cas soit un cumul de 929 699 cas \u00e0 ce jour.<br \/>\n2 548 gu\u00e9risons soit un cumul de 901 220 \u00e0 ce jour.<br \/>\n32 nouveaux d\u00e9c\u00e8s donc un cumul de 14 199 \u00e0 ce jour.<\/p>\n<p><span style=\"color: #ff0000;\"><strong>Nombre de personnes vaccin\u00e9es au 27 septembre 16H00<\/strong><\/span><\/p>\n<p>1\u00e8re dose :\u00a0<strong>22 136 862<\/strong><\/p>\n<p>2\u00e8me dose :<strong> 18 590 596<br \/>\n<\/strong><\/p>\n<p><a href=\"https:\/\/linitiative.ca\/International\/wp-content\/uploads\/sites\/23\/2021\/09\/coronavirus-27092021_page-0001.jpg\"><img decoding=\"async\" loading=\"lazy\" class=\"aligncenter size-full wp-image-387688\" src=\"https:\/\/linitiative.ca\/International\/wp-content\/uploads\/sites\/23\/2021\/09\/coronavirus-27092021_page-0001.jpg\" alt=\"\" width=\"1241\" height=\"1755\" srcset=\"\/\/aujourdhui.ma\/wp-content\/uploads\/2021\/09\/coronavirus-27092021_page-0001.jpg 1241w, \/\/aujourdhui.ma\/wp-content\/uploads\/2021\/09\/coronavirus-27092021_page-0001-212x300.jpg 212w, \/\/aujourdhui.ma\/wp-content\/uploads\/2021\/09\/coronavirus-27092021_page-0001-724x1024.jpg 724w, \/\/aujourdhui.ma\/wp-content\/uploads\/2021\/09\/coronavirus-27092021_page-0001-768x1086.jpg 768w, \/\/aujourdhui.ma\/wp-content\/uploads\/2021\/09\/coronavirus-27092021_page-0001-1086x1536.jpg 1086w\" sizes=\"auto, (max-width: 1241px) 100vw, 1241px\"><\/a> <a href=\"https:\/\/linitiative.ca\/International\/wp-content\/uploads\/sites\/23\/2021\/09\/coronavirus-27092021_page-0002.jpg\"><img decoding=\"async\" loading=\"lazy\" class=\"aligncenter size-full wp-image-387689\" src=\"https:\/\/linitiative.ca\/International\/wp-content\/uploads\/sites\/23\/2021\/09\/coronavirus-27092021_page-0002.jpg\" alt=\"\" width=\"1241\" height=\"1755\" srcset=\"\/\/aujourdhui.ma\/wp-content\/uploads\/2021\/09\/coronavirus-27092021_page-0002.jpg 1241w, \/\/aujourdhui.ma\/wp-content\/uploads\/2021\/09\/coronavirus-27092021_page-0002-212x300.jpg 212w, \/\/aujourdhui.ma\/wp-content\/uploads\/2021\/09\/coronavirus-27092021_page-0002-724x1024.jpg 724w, \/\/aujourdhui.ma\/wp-content\/uploads\/2021\/09\/coronavirus-27092021_page-0002-768x1086.jpg 768w, \/\/aujourdhui.ma\/wp-content\/uploads\/2021\/09\/coronavirus-27092021_page-0002-1086x1536.jpg 1086w\" sizes=\"auto, (max-width: 1241px) 100vw, 1241px\"><\/a> <a href=\"https:\/\/linitiative.ca\/International\/wp-content\/uploads\/sites\/23\/2021\/09\/coronavirus-27092021_page-0003.jpg\"><img decoding=\"async\" loading=\"lazy\" class=\"aligncenter size-full wp-image-387690\" src=\"https:\/\/linitiative.ca\/International\/wp-content\/uploads\/sites\/23\/2021\/09\/coronavirus-27092021_page-0003.jpg\" alt=\"\" width=\"1241\" height=\"1755\" srcset=\"\/\/aujourdhui.ma\/wp-content\/uploads\/2021\/09\/coronavirus-27092021_page-0003.jpg 1241w, \/\/aujourdhui.ma\/wp-content\/uploads\/2021\/09\/coronavirus-27092021_page-0003-212x300.jpg 212w, \/\/aujourdhui.ma\/wp-content\/uploads\/2021\/09\/coronavirus-27092021_page-0003-724x1024.jpg 724w, \/\/aujourdhui.ma\/wp-content\/uploads\/2021\/09\/coronavirus-27092021_page-0003-768x1086.jpg 768w, \/\/aujourdhui.ma\/wp-content\/uploads\/2021\/09\/coronavirus-27092021_page-0003-1086x1536.jpg 1086w\" sizes=\"auto, (max-width: 1241px) 100vw, 1241px\"><\/a> <a href=\"https:\/\/linitiative.ca\/International\/wp-content\/uploads\/sites\/23\/2021\/09\/coronavirus-27092021_page-0004.jpg\"><img decoding=\"async\" loading=\"lazy\" class=\"aligncenter size-full wp-image-387691\" src=\"https:\/\/linitiative.ca\/International\/wp-content\/uploads\/sites\/23\/2021\/09\/coronavirus-27092021_page-0004.jpg\" alt=\"\" width=\"1241\" height=\"1755\" srcset=\"\/\/aujourdhui.ma\/wp-content\/uploads\/2021\/09\/coronavirus-27092021_page-0004.jpg 1241w, \/\/aujourdhui.ma\/wp-content\/uploads\/2021\/09\/coronavirus-27092021_page-0004-212x300.jpg 212w, \/\/aujourdhui.ma\/wp-content\/uploads\/2021\/09\/coronavirus-27092021_page-0004-724x1024.jpg 724w, \/\/aujourdhui.ma\/wp-content\/uploads\/2021\/09\/coronavirus-27092021_page-0004-768x1086.jpg 768w, \/\/aujourdhui.ma\/wp-content\/uploads\/2021\/09\/coronavirus-27092021_page-0004-1086x1536.jpg 1086w\" sizes=\"auto, (max-width: 1241px) 100vw, 1241px\"><\/a> <a href=\"https:\/\/linitiative.ca\/International\/wp-content\/uploads\/sites\/23\/2021\/09\/coronavirus-27092021_page-0005.jpg\"><img decoding=\"async\" loading=\"lazy\" class=\"aligncenter size-full wp-image-387692\" src=\"https:\/\/linitiative.ca\/International\/wp-content\/uploads\/sites\/23\/2021\/09\/coronavirus-27092021_page-0005.jpg\" alt=\"\" width=\"1755\" height=\"1241\" srcset=\"\/\/aujourdhui.ma\/wp-content\/uploads\/2021\/09\/coronavirus-27092021_page-0005.jpg 1755w, \/\/aujourdhui.ma\/wp-content\/uploads\/2021\/09\/coronavirus-27092021_page-0005-300x212.jpg 300w, \/\/aujourdhui.ma\/wp-content\/uploads\/2021\/09\/coronavirus-27092021_page-0005-1024x724.jpg 1024w, \/\/aujourdhui.ma\/wp-content\/uploads\/2021\/09\/coronavirus-27092021_page-0005-768x543.jpg 768w, \/\/aujourdhui.ma\/wp-content\/uploads\/2021\/09\/coronavirus-27092021_page-0005-1536x1086.jpg 1536w\" sizes=\"auto, (max-width: 1755px) 100vw, 1755px\"><\/a><\/p>\n<\/div>\n<p>Auteur: ALM<br \/>\n<a href=\"https:\/\/aujourdhui.ma\/societe\/covid-19-maroc-la-situation-epidemiologique-au-27-septembre-2021-a-16h00\">Cliquez ici pour lire l&rsquo;article depuis sa source.<\/a><\/p>\n","protected":false},"excerpt":{"rendered":"<p>Entre hier \u00e0 16H00 et aujourd\u2019hui \u00e0 16H00 394 nouveaux cas soit un cumul de 929 699 cas \u00e0 ce jour. 2 548 gu\u00e9risons soit un cumul de 901 220 \u00e0 ce jour. 32 nouveaux d\u00e9c\u00e8s donc un cumul de 14 199 \u00e0 ce jour. Nombre de personnes vaccin\u00e9es au 27 septembre 16H00 1\u00e8re dose [&hellip;]<\/p>\n","protected":false},"author":1759,"featured_media":0,"comment_status":"closed","ping_status":"closed","sticky":false,"template":"","format":"standard","meta":{"fifu_image_url":"https:\/\/aujourdhui.ma\/wp-content\/uploads\/2021\/09\/coronavirus-covid19-Maroc-1-300x153.jpg","fifu_image_alt":"Covid-19 \/ Maroc : La situation \u00e9pid\u00e9miologique au 27 septembre 2021 \u00e0 16H00","footnotes":""},"categories":[73,54],"tags":[],"class_list":["post-128278","post","type-post","status-publish","format-standard","hentry","category-actualite","category-maroc"],"_links":{"self":[{"href":"https:\/\/linitiative.ca\/International\/wp-json\/wp\/v2\/posts\/128278","targetHints":{"allow":["GET"]}}],"collection":[{"href":"https:\/\/linitiative.ca\/International\/wp-json\/wp\/v2\/posts"}],"about":[{"href":"https:\/\/linitiative.ca\/International\/wp-json\/wp\/v2\/types\/post"}],"author":[{"embeddable":true,"href":"https:\/\/linitiative.ca\/International\/wp-json\/wp\/v2\/users\/1759"}],"replies":[{"embeddable":true,"href":"https:\/\/linitiative.ca\/International\/wp-json\/wp\/v2\/comments?post=128278"}],"version-history":[{"count":0,"href":"https:\/\/linitiative.ca\/International\/wp-json\/wp\/v2\/posts\/128278\/revisions"}],"wp:attachment":[{"href":"https:\/\/linitiative.ca\/International\/wp-json\/wp\/v2\/media?parent=128278"}],"wp:term":[{"taxonomy":"category","embeddable":true,"href":"https:\/\/linitiative.ca\/International\/wp-json\/wp\/v2\/categories?post=128278"},{"taxonomy":"post_tag","embeddable":true,"href":"https:\/\/linitiative.ca\/International\/wp-json\/wp\/v2\/tags?post=128278"}],"curies":[{"name":"wp","href":"https:\/\/api.w.org\/{rel}","templated":true}]}}