{"id":128285,"date":"2021-09-27T11:00:00","date_gmt":"2021-09-27T15:00:00","guid":{"rendered":"https:\/\/linitiative.ca\/International\/le-pt-laisse-aux-militants-la-liberte-de-participer-ou-pas-aux-elections-locales\/"},"modified":"2021-09-27T11:00:00","modified_gmt":"2021-09-27T15:00:00","slug":"le-pt-laisse-aux-militants-la-liberte-de-participer-ou-pas-aux-elections-locales","status":"publish","type":"post","link":"https:\/\/linitiative.ca\/International\/le-pt-laisse-aux-militants-la-liberte-de-participer-ou-pas-aux-elections-locales\/","title":{"rendered":"Le PT laisse aux militants la libert\u00e9 de participer ou pas aux \u00e9lections locales"},"content":{"rendered":"<div>Le Parti des travailleurs (PT) a, en marge de la session hebdomadaire du bureau politique, tenue aujourd\u2019hui, \u00ab d\u00e9gag\u00e9 une d\u00e9marche exceptionnelle qui consiste \u00e0 laisser aux militants(e) la libert\u00e9 d\u2019exercer leur libre arbitre \u00e0 l\u2019\u00e9gard du prochain<\/div>\n<p>Auteur:<br \/>\n<a href=\"https:\/\/www.liberte-algerie.com\/actualite\/le-pt-laisse-aux-militants-la-liberte-de-participer-ou-pas-aux-elections-locales-365668\">Cliquez ici pour lire l&rsquo;article depuis sa source.<\/a><\/p>\n","protected":false},"excerpt":{"rendered":"<p>Le Parti des travailleurs (PT) a, en marge de la session hebdomadaire du bureau politique, tenue aujourd\u2019hui, \u00ab d\u00e9gag\u00e9 une d\u00e9marche exceptionnelle qui consiste \u00e0 laisser aux militants(e) la libert\u00e9 d\u2019exercer leur libre arbitre \u00e0 l\u2019\u00e9gard du prochain Auteur: Cliquez ici pour lire l&rsquo;article depuis sa source.<\/p>\n","protected":false},"author":1742,"featured_media":0,"comment_status":"closed","ping_status":"closed","sticky":false,"template":"","format":"standard","meta":{"fifu_image_url":"","fifu_image_alt":"","footnotes":""},"categories":[73,53],"tags":[],"class_list":["post-128285","post","type-post","status-publish","format-standard","hentry","category-actualite","category-algerie"],"_links":{"self":[{"href":"https:\/\/linitiative.ca\/International\/wp-json\/wp\/v2\/posts\/128285","targetHints":{"allow":["GET"]}}],"collection":[{"href":"https:\/\/linitiative.ca\/International\/wp-json\/wp\/v2\/posts"}],"about":[{"href":"https:\/\/linitiative.ca\/International\/wp-json\/wp\/v2\/types\/post"}],"author":[{"embeddable":true,"href":"https:\/\/linitiative.ca\/International\/wp-json\/wp\/v2\/users\/1742"}],"replies":[{"embeddable":true,"href":"https:\/\/linitiative.ca\/International\/wp-json\/wp\/v2\/comments?post=128285"}],"version-history":[{"count":0,"href":"https:\/\/linitiative.ca\/International\/wp-json\/wp\/v2\/posts\/128285\/revisions"}],"wp:attachment":[{"href":"https:\/\/linitiative.ca\/International\/wp-json\/wp\/v2\/media?parent=128285"}],"wp:term":[{"taxonomy":"category","embeddable":true,"href":"https:\/\/linitiative.ca\/International\/wp-json\/wp\/v2\/categories?post=128285"},{"taxonomy":"post_tag","embeddable":true,"href":"https:\/\/linitiative.ca\/International\/wp-json\/wp\/v2\/tags?post=128285"}],"curies":[{"name":"wp","href":"https:\/\/api.w.org\/{rel}","templated":true}]}}