{"id":128289,"date":"2021-09-26T18:24:44","date_gmt":"2021-09-26T22:24:44","guid":{"rendered":"https:\/\/linitiative.ca\/International\/734-cas-plus-de-183-millions-de-personnes-completement-vaccinees\/"},"modified":"2021-09-26T18:24:44","modified_gmt":"2021-09-26T22:24:44","slug":"734-cas-plus-de-183-millions-de-personnes-completement-vaccinees","status":"publish","type":"post","link":"https:\/\/linitiative.ca\/International\/734-cas-plus-de-183-millions-de-personnes-completement-vaccinees\/","title":{"rendered":"734 cas, plus de 18,3 millions de personnes compl\u00e8tement vaccin\u00e9es"},"content":{"rendered":"<div>\n<div style=\"margin-bottom:20px;\"><img loading=\"lazy\" decoding=\"async\" width=\"750\" height=\"430\" src=\"https:\/\/linitiative.ca\/International\/wp-content\/uploads\/sites\/23\/2021\/09\/cov-fr-13.jpg\" class=\"attachment-post-thumbnail size-post-thumbnail wp-post-image\" alt=\"\" srcset=\"https:\/\/linitiative.ca\/International\/wp-content\/uploads\/sites\/23\/2021\/09\/cov-fr-13.jpg 750w, http:\/\/www.mapmarrakech.ma\/map\/uploads\/2021\/09\/cov-fr-13-300x172.jpg 300w\" sizes=\"auto, (max-width: 750px) 100vw, 750px\"><\/div>\n<p align=\"justify\">Le nombre de primo-vaccin\u00e9s a atteint 21.931.087, alors que celui des personnes compl\u00e8tement vaccin\u00e9es (1\u00e8re et 2\u00e8me doses) s\u2019\u00e9l\u00e8ve d\u00e9sormais \u00e0 18.375.508, a pr\u00e9cis\u00e9 le minist\u00e8re dans son bulletin quotidien sur la situation \u00e9pid\u00e9miologique Covid-19.<\/p>\n<p align=\"justify\">Le nouveau bilan des cas positifs porte \u00e0 929.305 le nombre total des contaminations depuis le premier cas signal\u00e9 au Maroc en mars 2020. Le nombre de personnes r\u00e9tablies est pass\u00e9 \u00e0 898.672, soit un taux de gu\u00e9rison de 96,7%.<\/p>\n<p align=\"justify\">Les contaminations ont \u00e9t\u00e9 recens\u00e9es dans les r\u00e9gions de Rabat-Sal\u00e9-K\u00e9nitra (255), Casablanca-Settat (235), Tanger-T\u00e9touan-Al Hoceima (93), Marrakech-Safi (35), l\u2019Oriental (34), Souss-Massa (21), F\u00e8s-Mekn\u00e8s (17), Beni Mellal-Kh\u00e9nifra (13), Dr\u00e2a-Tafilalet (13), Dakhla-Oued Eddahab (12), Guelmim-Oued Noun (3) et La\u00e2youne-Sakia El Hamra (3).<\/p>\n<p align=\"justify\">Quant aux d\u00e9c\u00e8s, leur nombre total est pass\u00e9 \u00e0 14.167 (l\u00e9talit\u00e9 1,5%), avec 35 nouveaux cas enregistr\u00e9s dans les r\u00e9gions de Rabat-Sal\u00e9-K\u00e9nitra (10), Marrakech-Safi (6), Casablanca-Settat (5), l\u2019Oriental (4), Tanger-T\u00e9touan-Al Hoceima (3), Souss-Massa (3), Beni Mellal-Kh\u00e9nifra (2), F\u00e8s-Mekn\u00e8s (1) et Guelmim-Oued Noun (1).<\/p>\n<p align=\"justify\">Les cas actifs sont au nombre de 16.466, tandis que les cas s\u00e9v\u00e8res ou critiques ont atteint 1.148 dont 40 plac\u00e9s sous intubation.<\/p>\n<p>The post <a rel=\"nofollow\" href=\"http:\/\/www.mapmarrakech.ma\/fr\/734-cas-plus-de-183-millions-de-personnes-completement-vaccinees\/\">734 cas, plus de 18,3 millions de personnes compl\u00e8tement vaccin\u00e9es<\/a> appeared first on <a rel=\"nofollow\" href=\"http:\/\/www.mapmarrakech.ma\/fr\">MapMarrakech<\/a>.<\/p>\n<\/div>\n<p>Auteur: Meriem IGASS<br \/>\n<a href=\"http:\/\/www.mapmarrakech.ma\/fr\/734-cas-plus-de-183-millions-de-personnes-completement-vaccinees\/\">Cliquez ici pour lire l&rsquo;article depuis sa source.<\/a><\/p>\n","protected":false},"excerpt":{"rendered":"<p>Le nombre de primo-vaccin\u00e9s a atteint 21.931.087, alors que celui des personnes compl\u00e8tement vaccin\u00e9es (1\u00e8re et 2\u00e8me doses) s\u2019\u00e9l\u00e8ve d\u00e9sormais \u00e0 18.375.508, a pr\u00e9cis\u00e9 le minist\u00e8re dans son bulletin quotidien sur la situation \u00e9pid\u00e9miologique Covid-19. Le nouveau bilan des cas positifs porte \u00e0 929.305 le nombre total des contaminations depuis le premier cas signal\u00e9 au [&hellip;]<\/p>\n","protected":false},"author":1788,"featured_media":0,"comment_status":"closed","ping_status":"closed","sticky":false,"template":"","format":"standard","meta":{"fifu_image_url":"http:\/\/www.mapmarrakech.ma\/map\/uploads\/2021\/09\/cov-fr-13.jpg","fifu_image_alt":"734 cas, plus de 18,3 millions de personnes compl\u00e8tement vaccin\u00e9es","footnotes":""},"categories":[54,76],"tags":[],"class_list":["post-128289","post","type-post","status-publish","format-standard","hentry","category-maroc","category-regions"],"_links":{"self":[{"href":"https:\/\/linitiative.ca\/International\/wp-json\/wp\/v2\/posts\/128289","targetHints":{"allow":["GET"]}}],"collection":[{"href":"https:\/\/linitiative.ca\/International\/wp-json\/wp\/v2\/posts"}],"about":[{"href":"https:\/\/linitiative.ca\/International\/wp-json\/wp\/v2\/types\/post"}],"author":[{"embeddable":true,"href":"https:\/\/linitiative.ca\/International\/wp-json\/wp\/v2\/users\/1788"}],"replies":[{"embeddable":true,"href":"https:\/\/linitiative.ca\/International\/wp-json\/wp\/v2\/comments?post=128289"}],"version-history":[{"count":0,"href":"https:\/\/linitiative.ca\/International\/wp-json\/wp\/v2\/posts\/128289\/revisions"}],"wp:attachment":[{"href":"https:\/\/linitiative.ca\/International\/wp-json\/wp\/v2\/media?parent=128289"}],"wp:term":[{"taxonomy":"category","embeddable":true,"href":"https:\/\/linitiative.ca\/International\/wp-json\/wp\/v2\/categories?post=128289"},{"taxonomy":"post_tag","embeddable":true,"href":"https:\/\/linitiative.ca\/International\/wp-json\/wp\/v2\/tags?post=128289"}],"curies":[{"name":"wp","href":"https:\/\/api.w.org\/{rel}","templated":true}]}}